{"id":17978,"date":"2017-09-28T09:23:20","date_gmt":"2017-09-28T12:23:20","guid":{"rendered":"http:\/\/actualidadadiario.com\/site\/?p=17978"},"modified":"2017-09-28T09:23:20","modified_gmt":"2017-09-28T12:23:20","slug":"un-total-de-48-000-pasivos-provinciales-percibiran-con-aumento-los-haberes-de-octubre","status":"publish","type":"post","link":"https:\/\/www.actualidadadiario.com\/index.php\/2017\/09\/28\/un-total-de-48-000-pasivos-provinciales-percibiran-con-aumento-los-haberes-de-octubre\/","title":{"rendered":"Un total de 48.000 pasivos provinciales percibir\u00e1n con aumento los haberes de octubre"},"content":{"rendered":"<p><em><strong>Un total de 48.000 jubilados y pensionados de la provincia y retirados de la polic\u00eda percibir\u00e1n un aumento en los haberes correspondientes a octubre. El porcentaje ser\u00e1 el mismo que percibieron los trabajadores en actividad en septiembre, pero variar\u00e1 seg\u00fan el escalaf\u00f3n y el cargo<\/strong><\/em><\/p>\n<p>&nbsp;<\/p>\n<p>&nbsp;<\/p>\n<p>&nbsp;<\/p>\n<p>Al respecto, el presidente de la Caja de Jubilaciones y Pensiones, Daniel El\u00edas, se\u00f1al\u00f3 que \u201cfuimos autorizados por el Poder Ejecutivo para liquidar junto con los haberes previsionales octubre, la mayor\u00eda de los aumentos que fueron dispuestos para el personal en actividad de numerosos escalafones provinciales y municipales, alcanzando en esta oportunidad a 48.000 beneficiarios\u201d.<\/p>\n<p>&nbsp;<\/p>\n<p>El funcionario aclar\u00f3 que \u201cquedan algunos escalafones o municipios que ser\u00e1n efectivizados en el pr\u00f3ximo cronograma, por lo que en el mes de noviembre se terminar\u00e1 de liquidar el retroactivo correspondiente. De este modo quedar\u00e1n saldados todos los incrementos dispuestos para los trabajadores en actividad\u201d.<\/p>\n<p>&nbsp;<\/p>\n<p>Explic\u00f3 luego que \u201clos porcentajes de incrementos son exactamente los mismos que percibieron los trabajadores en actividad, lo que ratifica la plena vigencia del 82 por ciento m\u00f3vil de nuestro sistema previsional, esto es un aumento del 10 por ciento que comenzar\u00e1n a cobrar seg\u00fan el pr\u00f3ximo cronograma de pagos\u201d.<\/p>\n<p>&nbsp;<\/p>\n<p>Adem\u00e1s, agreg\u00f3 que el pago incluye \u201cun mes de retroactivo, por lo que van a poder visualizar el c\u00f3digo y el monto que corresponde a agosto, y para septiembre ya estar\u00e1 integrado\u201d.<\/p>\n<p>&nbsp;<\/p>\n<p>Los beneficiarios que percibir\u00e1n sus haberes con los incrementos corresponden a los siguientes escalafones:<\/p>\n<p>&nbsp;<\/p>\n<p>Municipios: Cobran con aumento los jubilados municipios de Libertador San Mart\u00edn, Hernandarias, Feliciano, Santa Elena, General Campos, Lucas Gonz\u00e1lez, San Jos\u00e9, Mansilla, Caseros, Cerrito, Santa Ana, Urdinarrain, San Salvador, Concepci\u00f3n del Uruguay, Chajar\u00ed, General Ram\u00edrez, Villa Clara, Mar\u00eda Grande, Hasenkamp, Larroque y Paran\u00e1.<\/p>\n<p>&nbsp;<\/p>\n<p>Administraci\u00f3n P\u00fablica provincial: Escalaf\u00f3n General, Autoridades Superiores, Vialidad, Enfermer\u00eda, Seguridad, Docente, Contadur\u00eda Escalaf\u00f3n M\u00e9dico Asistencial, Jubilados de ATER, IAFAS, Instituto Portuarios, m\u00ednimo Jubilatorio, Aut\u00f3nomos y Enersa.<\/p>\n","protected":false},"excerpt":{"rendered":"<p>Un total de 48.000 jubilados y pensionados de la provincia y retirados de la polic\u00eda percibir\u00e1n un aumento en los haberes correspondientes a octubre. El porcentaje ser\u00e1 el mismo que percibieron los trabajadores en actividad en septiembre, pero variar\u00e1 seg\u00fan el escalaf\u00f3n y el cargo &nbsp; &nbsp; &nbsp; Al respecto, el presidente de la Caja de Jubilaciones y Pensiones, Daniel El\u00edas, se\u00f1al\u00f3 que \u201cfuimos autorizados por el Poder Ejecutivo para liquidar junto con los haberes previsionales octubre, la mayor\u00eda de los aumentos que fueron dispuestos para el personal en actividad&#8230;<\/p>\n","protected":false},"author":3,"featured_media":17979,"comment_status":"closed","ping_status":"closed","sticky":false,"template":"","format":"standard","meta":[],"categories":[9,15],"tags":[],"_links":{"self":[{"href":"https:\/\/www.actualidadadiario.com\/index.php\/wp-json\/wp\/v2\/posts\/17978"}],"collection":[{"href":"https:\/\/www.actualidadadiario.com\/index.php\/wp-json\/wp\/v2\/posts"}],"about":[{"href":"https:\/\/www.actualidadadiario.com\/index.php\/wp-json\/wp\/v2\/types\/post"}],"author":[{"embeddable":true,"href":"https:\/\/www.actualidadadiario.com\/index.php\/wp-json\/wp\/v2\/users\/3"}],"replies":[{"embeddable":true,"href":"https:\/\/www.actualidadadiario.com\/index.php\/wp-json\/wp\/v2\/comments?post=17978"}],"version-history":[{"count":1,"href":"https:\/\/www.actualidadadiario.com\/index.php\/wp-json\/wp\/v2\/posts\/17978\/revisions"}],"predecessor-version":[{"id":17980,"href":"https:\/\/www.actualidadadiario.com\/index.php\/wp-json\/wp\/v2\/posts\/17978\/revisions\/17980"}],"wp:featuredmedia":[{"embeddable":true,"href":"https:\/\/www.actualidadadiario.com\/index.php\/wp-json\/wp\/v2\/media\/17979"}],"wp:attachment":[{"href":"https:\/\/www.actualidadadiario.com\/index.php\/wp-json\/wp\/v2\/media?parent=17978"}],"wp:term":[{"taxonomy":"category","embeddable":true,"href":"https:\/\/www.actualidadadiario.com\/index.php\/wp-json\/wp\/v2\/categories?post=17978"},{"taxonomy":"post_tag","embeddable":true,"href":"https:\/\/www.actualidadadiario.com\/index.php\/wp-json\/wp\/v2\/tags?post=17978"}],"curies":[{"name":"wp","href":"https:\/\/api.w.org\/{rel}","templated":true}]}}