{"id":17975,"date":"2017-09-28T09:22:35","date_gmt":"2017-09-28T12:22:35","guid":{"rendered":"http:\/\/actualidadadiario.com\/site\/?p=17975"},"modified":"2017-09-28T09:22:35","modified_gmt":"2017-09-28T12:22:35","slug":"ponderan-las-acciones-sanitarias-que-implementa-la-provincia","status":"publish","type":"post","link":"https:\/\/www.actualidadadiario.com\/index.php\/2017\/09\/28\/ponderan-las-acciones-sanitarias-que-implementa-la-provincia\/","title":{"rendered":"Ponderan las acciones sanitarias que implementa la provincia"},"content":{"rendered":"<p><em><strong>La ministra de salud, Sonia Vel\u00e1zquez, mantuvo un encuentro con el secretario de Promoci\u00f3n de la Salud, Prevenci\u00f3n y Control de Riesgos de Naci\u00f3n, Adolfo Rubinstein, donde se eval\u00fao la implementaci\u00f3n de distintas herramientas de gesti\u00f3n sanitaria. Desde Naci\u00f3n destacaron el trabajo de Entre R\u00edos<\/strong><\/em><\/p>\n<p>&nbsp;<\/p>\n<p>&nbsp;<\/p>\n<p>&nbsp;<\/p>\n<p>Durante un encuentro efectuado en el Ministerio de Salud, su titular Sonia Vel\u00e1zquez analiz\u00f3 con el secretario de Promoci\u00f3n de la Salud, Prevenci\u00f3n y Control de Riesgos de la Naci\u00f3n, Adolfo Rubinstein, el sistema sanitario entrerriano ajustado principalmente al trabajo sobre redes integradas de salud.<\/p>\n<p>&nbsp;<\/p>\n<p>La funcionaria manifest\u00f3 en el encuentro cu\u00e1l es el eje de trabajo que se han fijado como norte de gesti\u00f3n. \u201cTrabajamos el componente de cobertura sanitaria desde la l\u00ednea de la restituci\u00f3n y garant\u00eda de derechos, teniendo siempre en cuenta la singularidad del sujeto pero entendiendo el abordaje de las pr\u00e1cticas en forma integral\u201d, precis\u00f3.<\/p>\n<p>&nbsp;<\/p>\n<p>En ese contexto Vel\u00e1zquez rese\u00f1\u00f3 que la provincia cuenta con 65 hospitales sumados a los cuales integran el sistema 308 centros de salud entre municipales y provinciales. \u201cContamos con m\u00e1s de 318 mil entrerrianos nominalizados que se encuentran georreferenciados a partir del trabajo que efect\u00faan los hospitales y centros de salud\u201d indic\u00f3 la ministra.<\/p>\n<p>&nbsp;<\/p>\n<p>En ese sentido consider\u00f3: \u201cAcordamos que tenemos los mismos puntos de vista en materia de trabajo con poblaci\u00f3n con responsabilidad sanitaria a cargo desde los efectores y conformando \u00e1reas program\u00e1ticas\u201d.<\/p>\n<p>&nbsp;<\/p>\n<p>Adem\u00e1s la ministra resalt\u00f3 que la importancia de sostener la l\u00ednea de trabajo \u201corientados hacia un abordaje integral, intersectorial e interjurisdiccional entre Naci\u00f3n, Provincial y Municipios\u201d.<\/p>\n<p>&nbsp;<\/p>\n<p>El secretario de Promoci\u00f3n de la Salud, Prevenci\u00f3n y Control de Riesgos de la Naci\u00f3n, Adolfo Rubinstein, coment\u00f3 la prioridad para la gesti\u00f3n sanitaria nacional: \u201cEl eje estrat\u00e9gico que plantea toda la pol\u00edtica del Ministerio de Naci\u00f3n es la Cobertura Universal de Salud (CUS) donde b\u00e1sicamente estamos trabajando en su implementaci\u00f3n a partir de una plataforma que debe dar cuenta de componentes como cobertura poblacional, prestacional y proyecci\u00f3n financiera que son los puntos en los que necesitamos apoyo de las provincias\u201d y en por ello afirm\u00f3: \u201cDebemos tener con la provincia una relaci\u00f3n dial\u00e9ctica permanente donde nos apoyemos mutuamente y podamos ir construyendo para dar respuesta a la poblaci\u00f3n m\u00e1s vulnerable\u201d.<\/p>\n<p>&nbsp;<\/p>\n<p>A partir de este concepto el funcionario nacional resalt\u00f3: \u201cLa ministra tiene clara la instancia de trabajo conjunto porque adem\u00e1s es una persona que viene de los programas, con un nivel t\u00e9cnico fant\u00e1stico, con quien hablamos el mismo idioma y leemos la misma p\u00e1gina\u201d.<\/p>\n<p>&nbsp;<\/p>\n<p>Cabe citar que por la provincia estuvieron adem\u00e1s integrantes del equipo t\u00e9cnico y por la cartera nacional estuvo presente la directora de Articulaci\u00f3n de Coberturas P\u00fablicas, Anal\u00eda L\u00f3pez.<\/p>\n<p>&nbsp;<\/p>\n<p>&nbsp;<\/p>\n<p><strong>Presentaci\u00f3n por parte de \u00e1reas estrat\u00e9gicas de la cartera sanitaria<\/strong><\/p>\n<p>Las herramientas de gesti\u00f3n Sumar, Cobertura Universal de Salud (CUS) Medicamentos; Redes; Salud Escolar y Proteger efectuaron una presentaci\u00f3n respecto a la situaci\u00f3n, estrategias y abordaje que concretan y su fortalecimiento a las direcciones sustantivas del Ministerio.<\/p>\n<p>&nbsp;<\/p>\n<p>\u201cLos programas de salud en esta l\u00ednea de integraci\u00f3n conforman una fortaleza para la gesti\u00f3n de la cartera ministerial\u201d indic\u00f3 al comenzar la presentaci\u00f3n de los mismos la ministra Vel\u00e1zquez<\/p>\n<p>&nbsp;<\/p>\n<p>Puntualmente los Programas se\u00f1alaron que la herramienta que gestionan \u201cest\u00e1 orientada a los indicadores tanto poblacionales como de nominalizaci\u00f3n que comparten para delinear acciones territoriales\u201d.<\/p>\n<p>&nbsp;<\/p>\n<p>En funci\u00f3n de los distintos diagn\u00f3sticos el viceministro nacional dijo: \u201cEstoy gratamente impresionado por el desempe\u00f1o tanto de la gesti\u00f3n como de los programas en Entre R\u00edos en funci\u00f3n de que han implementado estrategias innovadoras\u201d y en ese sentido ponder\u00f3 la implementaci\u00f3n de un sistema inform\u00e1tico como el del Sumar que permite desde la inscripci\u00f3n de la poblaci\u00f3n as\u00ed como el registro de las prestaciones sanitarias.<\/p>\n<p>&nbsp;<\/p>\n<p>\u201cDesde Naci\u00f3n queremos aprender de las experiencias locales para ver cu\u00e1les podemos escalarlas a un nivel mayor y tratar de replicarlas en todo el pa\u00eds\u201d afirm\u00f3 Rubinstein.<\/p>\n<p>&nbsp;<\/p>\n<p>Finalmente la titular de la cartera entrerriana afirm\u00f3: \u201cFue una reuni\u00f3n muy positiva ya que hemos podido presentarle el dise\u00f1o y la gesti\u00f3n de lo que va conformando este Ministerio en el tr\u00e1nsito de estos tres meses tanto, desde la l\u00ednea del componente operativo, como de gesti\u00f3n para la red de servicios de salud integrada por efectores del primer y segundo nivel de atenci\u00f3n\u201d.<\/p>\n","protected":false},"excerpt":{"rendered":"<p>La ministra de salud, Sonia Vel\u00e1zquez, mantuvo un encuentro con el secretario de Promoci\u00f3n de la Salud, Prevenci\u00f3n y Control de Riesgos de Naci\u00f3n, Adolfo Rubinstein, donde se eval\u00fao la implementaci\u00f3n de distintas herramientas de gesti\u00f3n sanitaria. Desde Naci\u00f3n destacaron el trabajo de Entre R\u00edos &nbsp; &nbsp; &nbsp; Durante un encuentro efectuado en el Ministerio de Salud, su titular Sonia Vel\u00e1zquez analiz\u00f3 con el secretario de Promoci\u00f3n de la Salud, Prevenci\u00f3n y Control de Riesgos de la Naci\u00f3n, Adolfo Rubinstein, el sistema sanitario entrerriano ajustado principalmente al trabajo sobre redes&#8230;<\/p>\n","protected":false},"author":3,"featured_media":17976,"comment_status":"closed","ping_status":"closed","sticky":false,"template":"","format":"standard","meta":[],"categories":[15],"tags":[],"_links":{"self":[{"href":"https:\/\/www.actualidadadiario.com\/index.php\/wp-json\/wp\/v2\/posts\/17975"}],"collection":[{"href":"https:\/\/www.actualidadadiario.com\/index.php\/wp-json\/wp\/v2\/posts"}],"about":[{"href":"https:\/\/www.actualidadadiario.com\/index.php\/wp-json\/wp\/v2\/types\/post"}],"author":[{"embeddable":true,"href":"https:\/\/www.actualidadadiario.com\/index.php\/wp-json\/wp\/v2\/users\/3"}],"replies":[{"embeddable":true,"href":"https:\/\/www.actualidadadiario.com\/index.php\/wp-json\/wp\/v2\/comments?post=17975"}],"version-history":[{"count":1,"href":"https:\/\/www.actualidadadiario.com\/index.php\/wp-json\/wp\/v2\/posts\/17975\/revisions"}],"predecessor-version":[{"id":17977,"href":"https:\/\/www.actualidadadiario.com\/index.php\/wp-json\/wp\/v2\/posts\/17975\/revisions\/17977"}],"wp:featuredmedia":[{"embeddable":true,"href":"https:\/\/www.actualidadadiario.com\/index.php\/wp-json\/wp\/v2\/media\/17976"}],"wp:attachment":[{"href":"https:\/\/www.actualidadadiario.com\/index.php\/wp-json\/wp\/v2\/media?parent=17975"}],"wp:term":[{"taxonomy":"category","embeddable":true,"href":"https:\/\/www.actualidadadiario.com\/index.php\/wp-json\/wp\/v2\/categories?post=17975"},{"taxonomy":"post_tag","embeddable":true,"href":"https:\/\/www.actualidadadiario.com\/index.php\/wp-json\/wp\/v2\/tags?post=17975"}],"curies":[{"name":"wp","href":"https:\/\/api.w.org\/{rel}","templated":true}]}}