{"id":17969,"date":"2017-09-27T09:38:46","date_gmt":"2017-09-27T12:38:46","guid":{"rendered":"http:\/\/actualidadadiario.com\/site\/?p=17969"},"modified":"2017-09-27T09:38:46","modified_gmt":"2017-09-27T12:38:46","slug":"san-sebastian-a-los-pies-de-darin-el-primer-sudamericano-en-lograr-un-donostia","status":"publish","type":"post","link":"https:\/\/www.actualidadadiario.com\/index.php\/2017\/09\/27\/san-sebastian-a-los-pies-de-darin-el-primer-sudamericano-en-lograr-un-donostia\/","title":{"rendered":"San Sebasti\u00e1n, a los pies de Dar\u00edn: el primer sudamericano en lograr un Donostia"},"content":{"rendered":"<p><em><strong>Ricardo Dar\u00edn, primer sudamericano en lograr un premio Donostia, el m\u00e1ximo reconocimiento del Festival de Cine de San Sebasti\u00e1n, consider\u00f3 el galard\u00f3n &#8220;un gran honor, inesperado por otra parte, porque uno nunca espera que te venga de los m\u00e1s cercanos&#8221; &#8220;Es como recibir un reconocimiento de la familia&#8221;, asegur\u00f3 el actor<\/strong><\/em><\/p>\n<p>&nbsp;<\/p>\n<p>&nbsp;<\/p>\n<p>&nbsp;<\/p>\n<p>&nbsp;<\/p>\n<p>Dar\u00edn, que cont\u00f3 con la complicidad y, casi, devoci\u00f3n del festival, estaba feliz y lo demostr\u00f3 compartiendo chistes y derrochando buen humor en la rueda de prensa. Brome\u00f3 con su larga melena, conservada por indicaci\u00f3n del director con el que trabajar\u00e1 en octubre pr\u00f3ximo en Madrid, el iran\u00ed Asghar Farhadi, en una pel\u00edcula en la que tambi\u00e9n est\u00e1n Javier Bardem y Pen\u00e9lope Cruz.<\/p>\n<p>&nbsp;<\/p>\n<p>Pidi\u00f3 &#8220;clemencia&#8221; con la Selecci\u00f3n argentina a un periodista peruano, ante el empate a puntos de ambos pa\u00edses en las eliminatorias sudamericanas para el Mundial de Rusia 2018. Adem\u00e1s, esquiv\u00f3 &#8220;la pregunta&#8221; sobre la situaci\u00f3n en Catalu\u00f1a -&#8220;bastante tengo con la pol\u00edtica argentina, pero estoy aqu\u00ed, y s\u00ed, sigo la pol\u00edtica espa\u00f1ola, por eso agradezco que no hagas la pregunta que ibas a hacer&#8221;, le dijo a una periodista catalana-.<\/p>\n<p>&nbsp;<\/p>\n<p>Y, tras responder en ingl\u00e9s a la primera pregunta de un periodista, hizo un gui\u00f1o al resto con un &#8220;no he entendido nada&#8221; a la segunda; no obstante, respondi\u00f3 con un &#8220;I love you&#8221;, que provoc\u00f3 las risas del m\u00e1s de centenar de profesionales.<\/p>\n<p>&nbsp;<\/p>\n<p>Dar\u00edn reconoci\u00f3 que los premios no le gustan por &#8220;la parte de contienda que contienen&#8221;, pero s\u00ed los reconocimientos, como este Donostia que agradece, pero &#8220;no necesita&#8221;, porque siempre se ha sentido querido. Asegur\u00f3 que no es persona de volver atr\u00e1s, pero que este tipo de galardones &#8220;obligan&#8221; a ello.<\/p>\n<p>&nbsp;<\/p>\n<p>Rechaz\u00f3 rotundamente dar un paso hacia la pol\u00edtica, a pesar de su papel en &#8220;La cordillera&#8221;. &#8220;Aqu\u00ed tenemos a Schwarzenegger (present\u00f3 ayer un documental en el festival), pero para esas pretensiones uno tiene que estar m\u00ednimamente enfocado. Algunos artistas preferimos extender nuestra mirada a cuestiones sociales y de inter\u00e9s p\u00fablico. No tengo la suficiente frialdad para andar por un territorio tan minado como ese&#8221;, afirm\u00f3 convencido.<\/p>\n<p>&nbsp;<\/p>\n<p>El protagonista de &#8220;El secreto de sus ojos&#8221; (2009) defendi\u00f3 la &#8220;dimensi\u00f3n artesanal&#8221; de su oficio, el placer de los momentos \u00edntimos de preparaci\u00f3n de un personaje como los &#8220;m\u00e1s creativos&#8221; antes de llegar al set y acomodarse al director y a los compa\u00f1eros.<\/p>\n<p>&nbsp;<\/p>\n<p>Dar\u00edn se mostr\u00f3 encantado con &#8220;La cordillera&#8221;, la pel\u00edcula que exhiben en San Sebasti\u00e1n y que se estren\u00f3 en el Festival de Cannes, y se fue, como lleg\u00f3, con una sonrisa que no se le borr\u00f3 del rostro.<\/p>\n","protected":false},"excerpt":{"rendered":"<p>Ricardo Dar\u00edn, primer sudamericano en lograr un premio Donostia, el m\u00e1ximo reconocimiento del Festival de Cine de San Sebasti\u00e1n, consider\u00f3 el galard\u00f3n &#8220;un gran honor, inesperado por otra parte, porque uno nunca espera que te venga de los m\u00e1s cercanos&#8221; &#8220;Es como recibir un reconocimiento de la familia&#8221;, asegur\u00f3 el actor &nbsp; &nbsp; &nbsp; &nbsp; Dar\u00edn, que cont\u00f3 con la complicidad y, casi, devoci\u00f3n del festival, estaba feliz y lo demostr\u00f3 compartiendo chistes y derrochando buen humor en la rueda de prensa. Brome\u00f3 con su larga melena, conservada por indicaci\u00f3n&#8230;<\/p>\n","protected":false},"author":3,"featured_media":17970,"comment_status":"closed","ping_status":"closed","sticky":false,"template":"","format":"standard","meta":[],"categories":[4],"tags":[],"_links":{"self":[{"href":"https:\/\/www.actualidadadiario.com\/index.php\/wp-json\/wp\/v2\/posts\/17969"}],"collection":[{"href":"https:\/\/www.actualidadadiario.com\/index.php\/wp-json\/wp\/v2\/posts"}],"about":[{"href":"https:\/\/www.actualidadadiario.com\/index.php\/wp-json\/wp\/v2\/types\/post"}],"author":[{"embeddable":true,"href":"https:\/\/www.actualidadadiario.com\/index.php\/wp-json\/wp\/v2\/users\/3"}],"replies":[{"embeddable":true,"href":"https:\/\/www.actualidadadiario.com\/index.php\/wp-json\/wp\/v2\/comments?post=17969"}],"version-history":[{"count":1,"href":"https:\/\/www.actualidadadiario.com\/index.php\/wp-json\/wp\/v2\/posts\/17969\/revisions"}],"predecessor-version":[{"id":17971,"href":"https:\/\/www.actualidadadiario.com\/index.php\/wp-json\/wp\/v2\/posts\/17969\/revisions\/17971"}],"wp:featuredmedia":[{"embeddable":true,"href":"https:\/\/www.actualidadadiario.com\/index.php\/wp-json\/wp\/v2\/media\/17970"}],"wp:attachment":[{"href":"https:\/\/www.actualidadadiario.com\/index.php\/wp-json\/wp\/v2\/media?parent=17969"}],"wp:term":[{"taxonomy":"category","embeddable":true,"href":"https:\/\/www.actualidadadiario.com\/index.php\/wp-json\/wp\/v2\/categories?post=17969"},{"taxonomy":"post_tag","embeddable":true,"href":"https:\/\/www.actualidadadiario.com\/index.php\/wp-json\/wp\/v2\/tags?post=17969"}],"curies":[{"name":"wp","href":"https:\/\/api.w.org\/{rel}","templated":true}]}}