{"id":17960,"date":"2017-09-27T09:36:33","date_gmt":"2017-09-27T12:36:33","guid":{"rendered":"http:\/\/actualidadadiario.com\/site\/?p=17960"},"modified":"2017-09-27T09:36:33","modified_gmt":"2017-09-27T12:36:33","slug":"agravan-condena-a-dirceu-uno-de-los-hombres-fuertes-de-lula-pasara-30-anos-en-la-carcel","status":"publish","type":"post","link":"https:\/\/www.actualidadadiario.com\/index.php\/2017\/09\/27\/agravan-condena-a-dirceu-uno-de-los-hombres-fuertes-de-lula-pasara-30-anos-en-la-carcel\/","title":{"rendered":"Agravan condena a Dirceu, uno de los hombres fuertes de Lula: pasar\u00e1 30 a\u00f1os en la c\u00e1rcel"},"content":{"rendered":"<p><em><strong>El ex ministro\u00a0Jos\u00e9 Dirceu, quien fue presidente del Partido de los Trabajadores (PT) y uno de los hombres m\u00e1s influyentes durante el gobierno de Luiz In\u00e1cio Lula da Silva, fue condenado este martes en segunda instancia a 30 a\u00f1os y 9 meses de prisi\u00f3n, informaron fuentes oficiales<\/strong><\/em><\/p>\n<p>&nbsp;<\/p>\n<p>&nbsp;<\/p>\n<p>&nbsp;<\/p>\n<p>La sentencia fue dictada por el Tribunal Regional Federal 4 (TRF4) de Porto Alegre, que elev\u00f3 la condena de Dirceu en siete a\u00f1os.<\/p>\n<p>&nbsp;<\/p>\n<p>El exministro ya hab\u00eda sido condenado en primera instancia a 23 a\u00f1os de c\u00e1rcel por el juez Sergio Moro, responsable de la investigaci\u00f3n de las irregularidades en la estatal Petrobras, la cual ha llevado a prisi\u00f3n a importantes ejecutivos y pol\u00edticos de todo el pa\u00eds.<\/p>\n<p>&nbsp;<\/p>\n<p>Dirceu, ministro de la Presidencia de Lula entre 2003 y 2005, fue hallado culpable de corrupci\u00f3n y lavado de dinero con relaci\u00f3n al caso Petrobras.<\/p>\n<p>&nbsp;<\/p>\n<p>El TRF4, sin embargo, absolvi\u00f3 en segunda instancia al extesorero del PT Joao Vaccari Neto, al considerar que no hay pruebas suficientes en ese proceso.<\/p>\n<p>&nbsp;<\/p>\n<p>Es la segunda vez que el TRF4, responsable por los juicios de segunda instancia del caso Petrobras, absuelve a Vaccari, aliado del expresidente Lula.<\/p>\n<p>&nbsp;<\/p>\n<p>La presidenta del PT, Gleisi Hoffmann, se\u00f1al\u00f3 que la absoluci\u00f3n de Vaccari en el TRF4 &#8220;muestra que el judiciario s\u00ed puede corregir las arbitrariedades&#8221; del tribunal de Curitiba, donde el exmandatario Lula tiene varios procesos abiertos.<\/p>\n<p>&nbsp;<\/p>\n<p>El expresidente ya ha sido condenado en primera instancia por el juez Sergio Moro por los delitos de corrupci\u00f3n pasiva y lavado de dinero, una sentencia que ya ha recurrido ante el TRF4.<\/p>\n<p>&nbsp;<\/p>\n<p>Adem\u00e1s de la condena, Lula, quien todav\u00eda no ha definido si ser\u00e1 el candidato del PT en las elecciones presidenciales de 2018, est\u00e1 imputado en un total de siete procesos, la mayor\u00eda de ellos relacionados con el caso Petrobras.<\/p>\n","protected":false},"excerpt":{"rendered":"<p>El ex ministro\u00a0Jos\u00e9 Dirceu, quien fue presidente del Partido de los Trabajadores (PT) y uno de los hombres m\u00e1s influyentes durante el gobierno de Luiz In\u00e1cio Lula da Silva, fue condenado este martes en segunda instancia a 30 a\u00f1os y 9 meses de prisi\u00f3n, informaron fuentes oficiales &nbsp; &nbsp; &nbsp; La sentencia fue dictada por el Tribunal Regional Federal 4 (TRF4) de Porto Alegre, que elev\u00f3 la condena de Dirceu en siete a\u00f1os. &nbsp; El exministro ya hab\u00eda sido condenado en primera instancia a 23 a\u00f1os de c\u00e1rcel por el&#8230;<\/p>\n","protected":false},"author":3,"featured_media":17961,"comment_status":"closed","ping_status":"closed","sticky":false,"template":"","format":"standard","meta":[],"categories":[4],"tags":[],"_links":{"self":[{"href":"https:\/\/www.actualidadadiario.com\/index.php\/wp-json\/wp\/v2\/posts\/17960"}],"collection":[{"href":"https:\/\/www.actualidadadiario.com\/index.php\/wp-json\/wp\/v2\/posts"}],"about":[{"href":"https:\/\/www.actualidadadiario.com\/index.php\/wp-json\/wp\/v2\/types\/post"}],"author":[{"embeddable":true,"href":"https:\/\/www.actualidadadiario.com\/index.php\/wp-json\/wp\/v2\/users\/3"}],"replies":[{"embeddable":true,"href":"https:\/\/www.actualidadadiario.com\/index.php\/wp-json\/wp\/v2\/comments?post=17960"}],"version-history":[{"count":1,"href":"https:\/\/www.actualidadadiario.com\/index.php\/wp-json\/wp\/v2\/posts\/17960\/revisions"}],"predecessor-version":[{"id":17962,"href":"https:\/\/www.actualidadadiario.com\/index.php\/wp-json\/wp\/v2\/posts\/17960\/revisions\/17962"}],"wp:featuredmedia":[{"embeddable":true,"href":"https:\/\/www.actualidadadiario.com\/index.php\/wp-json\/wp\/v2\/media\/17961"}],"wp:attachment":[{"href":"https:\/\/www.actualidadadiario.com\/index.php\/wp-json\/wp\/v2\/media?parent=17960"}],"wp:term":[{"taxonomy":"category","embeddable":true,"href":"https:\/\/www.actualidadadiario.com\/index.php\/wp-json\/wp\/v2\/categories?post=17960"},{"taxonomy":"post_tag","embeddable":true,"href":"https:\/\/www.actualidadadiario.com\/index.php\/wp-json\/wp\/v2\/tags?post=17960"}],"curies":[{"name":"wp","href":"https:\/\/api.w.org\/{rel}","templated":true}]}}