{"id":17951,"date":"2017-09-27T09:34:19","date_gmt":"2017-09-27T12:34:19","guid":{"rendered":"http:\/\/actualidadadiario.com\/site\/?p=17951"},"modified":"2017-09-27T09:34:19","modified_gmt":"2017-09-27T12:34:19","slug":"por-decreto-la-desproteccion-de-los-datos-personales-estara-manejada-por-marcos-pena","status":"publish","type":"post","link":"https:\/\/www.actualidadadiario.com\/index.php\/2017\/09\/27\/por-decreto-la-desproteccion-de-los-datos-personales-estara-manejada-por-marcos-pena\/","title":{"rendered":"Por decreto, la (des)protecci\u00f3n de los datos personales estar\u00e1 manejada por Marcos Pe\u00f1a"},"content":{"rendered":"<p><em><strong>Ese organismo estaba conducido por el Ministerio de Justicia. Pero Macri modific\u00f3 la ley de acceso a la informaci\u00f3n mediante un DNU y la puso bajo la \u00f3rbita de la Jefatura de Gabinete. La privacidad de los argentinos peligrosamente vulnerada<\/strong><\/em><\/p>\n<p>&nbsp;<\/p>\n<p>&nbsp;<\/p>\n<p>&nbsp;<\/p>\n<p>Mediante un decreto de necesidad y urgencia (uno m\u00e1s en el grosero haber del macrismo), el gobierno sac\u00f3 la Direcci\u00f3n Nacional de Protecci\u00f3n de Datos Personales de la \u00f3rbita del Ministerio de Justicia y ser\u00e1 manejado desde hoy por la Jefatura de Gabinete.<\/p>\n<p>&nbsp;<\/p>\n<p>Se trata de una medida de gobierno altamente peligrosa porque modifica la ley de Acceso a la Informaci\u00f3n, sancionada hace poco m\u00e1s de un mes y deja el manejo de todos esos datos en manos de Marcos Pe\u00f1a, el tenebroso art\u00edfice del andamiaje comunicacional del macrismo.<\/p>\n<p>&nbsp;<\/p>\n<p>Macri modific\u00f3 el art\u00edculo 19 de la ley de Acceso a la Informaci\u00f3n P\u00fablica que ordenaba la creaci\u00f3n de la Agencia de Acceso a la Informaci\u00f3n P\u00fablica como ente aut\u00f3nomo y la dej\u00f3 bajo la \u00f3rbita de la Jefatura de Gabinete.<\/p>\n<p>&nbsp;<\/p>\n<p>En la norma sancionada no se preve\u00eda que dicha Agencia fuera adem\u00e1s la autoridad de aplicaci\u00f3n de la Ley de Protecci\u00f3n de Datos Personales que, como anticip\u00f3 el propio Macri en la apertura de sesiones ordinarias de este a\u00f1o, el Gobierno se propone modificar para darle una se\u00f1al fuerte a los gigantes de la industria de Internet.<\/p>\n<p>&nbsp;<\/p>\n<p>El manejo de toda la informaci\u00f3n personal de los argentinos es una obsesi\u00f3n del gobierno desde que asumi\u00f3 y el primer paso en ese sentido fue el uso abusivo de la base de datos de la ANSES, bajo el argumento de comprobar quienes recib\u00edan prestaciones sociales en forma irregular, pero que en realidad apuntaba a establecer un control sobre el comportamiento\u00a0 de buena parte de la sociedad.<\/p>\n","protected":false},"excerpt":{"rendered":"<p>Ese organismo estaba conducido por el Ministerio de Justicia. Pero Macri modific\u00f3 la ley de acceso a la informaci\u00f3n mediante un DNU y la puso bajo la \u00f3rbita de la Jefatura de Gabinete. La privacidad de los argentinos peligrosamente vulnerada &nbsp; &nbsp; &nbsp; Mediante un decreto de necesidad y urgencia (uno m\u00e1s en el grosero haber del macrismo), el gobierno sac\u00f3 la Direcci\u00f3n Nacional de Protecci\u00f3n de Datos Personales de la \u00f3rbita del Ministerio de Justicia y ser\u00e1 manejado desde hoy por la Jefatura de Gabinete. &nbsp; Se trata de&#8230;<\/p>\n","protected":false},"author":3,"featured_media":17952,"comment_status":"closed","ping_status":"closed","sticky":false,"template":"","format":"standard","meta":[],"categories":[9,18],"tags":[],"_links":{"self":[{"href":"https:\/\/www.actualidadadiario.com\/index.php\/wp-json\/wp\/v2\/posts\/17951"}],"collection":[{"href":"https:\/\/www.actualidadadiario.com\/index.php\/wp-json\/wp\/v2\/posts"}],"about":[{"href":"https:\/\/www.actualidadadiario.com\/index.php\/wp-json\/wp\/v2\/types\/post"}],"author":[{"embeddable":true,"href":"https:\/\/www.actualidadadiario.com\/index.php\/wp-json\/wp\/v2\/users\/3"}],"replies":[{"embeddable":true,"href":"https:\/\/www.actualidadadiario.com\/index.php\/wp-json\/wp\/v2\/comments?post=17951"}],"version-history":[{"count":1,"href":"https:\/\/www.actualidadadiario.com\/index.php\/wp-json\/wp\/v2\/posts\/17951\/revisions"}],"predecessor-version":[{"id":17953,"href":"https:\/\/www.actualidadadiario.com\/index.php\/wp-json\/wp\/v2\/posts\/17951\/revisions\/17953"}],"wp:featuredmedia":[{"embeddable":true,"href":"https:\/\/www.actualidadadiario.com\/index.php\/wp-json\/wp\/v2\/media\/17952"}],"wp:attachment":[{"href":"https:\/\/www.actualidadadiario.com\/index.php\/wp-json\/wp\/v2\/media?parent=17951"}],"wp:term":[{"taxonomy":"category","embeddable":true,"href":"https:\/\/www.actualidadadiario.com\/index.php\/wp-json\/wp\/v2\/categories?post=17951"},{"taxonomy":"post_tag","embeddable":true,"href":"https:\/\/www.actualidadadiario.com\/index.php\/wp-json\/wp\/v2\/tags?post=17951"}],"curies":[{"name":"wp","href":"https:\/\/api.w.org\/{rel}","templated":true}]}}