{"id":17948,"date":"2017-09-27T09:33:33","date_gmt":"2017-09-27T12:33:33","guid":{"rendered":"http:\/\/actualidadadiario.com\/site\/?p=17948"},"modified":"2017-09-27T09:33:33","modified_gmt":"2017-09-27T12:33:33","slug":"elecciones-legislativas-comienza-hoy-la-campana-en-radio-y-television","status":"publish","type":"post","link":"https:\/\/www.actualidadadiario.com\/index.php\/2017\/09\/27\/elecciones-legislativas-comienza-hoy-la-campana-en-radio-y-television\/","title":{"rendered":"Elecciones legislativas: comienza hoy la campa\u00f1a en radio y televisi\u00f3n"},"content":{"rendered":"<p><em><strong>En el marco de las elecciones legislativas que se celebrar\u00e1n el pr\u00f3ximo 22 de octubre, este mi\u00e9rcoles arranca la difusi\u00f3n de la publicidad en servicios de comunicaci\u00f3n audiovisual<\/strong><\/em><\/p>\n<p>&nbsp;<\/p>\n<p>&nbsp;<\/p>\n<p>&nbsp;<\/p>\n<p>Desde las 7, se podr\u00e1n ver y escuchar los spots de las agrupaciones pol\u00edticas que presentan candidaturas en las elecciones generales.<\/p>\n<p>&nbsp;<\/p>\n<p>Seg\u00fan un comunicado de la Direcci\u00f3n Nacional Electoral (DINE) del Ministerio del Interior, Obras P\u00fablicas y Vivienda ya se realiz\u00f3 el Sorteo P\u00fablico de Espacios Publicitarios para la Campa\u00f1a Electoral, en el que se adjudicaron espacios publicitarios en 2.784 medios de todo el pa\u00eds: 1.982 radios AM y FM y 802 servicios de cable, TV abierta y se\u00f1ales Nacionales.<\/p>\n<p>&nbsp;<\/p>\n<p>&#8220;De este modo, a partir de ma\u00f1ana, todos los medios est\u00e1n obligados a ceder el 10 por ciento del tiempo de su programaci\u00f3n para fines electorales, seg\u00fan lo establecido por la Ley 26571&#8221;, se\u00f1al\u00f3 el comunicado.<\/p>\n<p>&nbsp;<\/p>\n<p>A tal fin, se distribuyeron unas 76.828 horas asignadas para la publicidad electoral entre las 203 agrupaciones pol\u00edticas, de todo el pa\u00eds, que participar\u00e1n en la elecci\u00f3n de candidatos en los pr\u00f3ximos comicios.<\/p>\n<p>&nbsp;<\/p>\n<p>La campa\u00f1a en medios se desarrollar\u00e1 durante los 25 d\u00edas previos al acto electoral del 22 de octubre que, seg\u00fan el cronograma establecido, se extender\u00e1 desde el 27 de septiembre hasta la primera hora de la madrugada del 20 de octubre, cuando inicia la veda.<\/p>\n","protected":false},"excerpt":{"rendered":"<p>En el marco de las elecciones legislativas que se celebrar\u00e1n el pr\u00f3ximo 22 de octubre, este mi\u00e9rcoles arranca la difusi\u00f3n de la publicidad en servicios de comunicaci\u00f3n audiovisual &nbsp; &nbsp; &nbsp; Desde las 7, se podr\u00e1n ver y escuchar los spots de las agrupaciones pol\u00edticas que presentan candidaturas en las elecciones generales. &nbsp; Seg\u00fan un comunicado de la Direcci\u00f3n Nacional Electoral (DINE) del Ministerio del Interior, Obras P\u00fablicas y Vivienda ya se realiz\u00f3 el Sorteo P\u00fablico de Espacios Publicitarios para la Campa\u00f1a Electoral, en el que se adjudicaron espacios publicitarios&#8230;<\/p>\n","protected":false},"author":3,"featured_media":17949,"comment_status":"closed","ping_status":"closed","sticky":false,"template":"","format":"standard","meta":[],"categories":[18],"tags":[],"_links":{"self":[{"href":"https:\/\/www.actualidadadiario.com\/index.php\/wp-json\/wp\/v2\/posts\/17948"}],"collection":[{"href":"https:\/\/www.actualidadadiario.com\/index.php\/wp-json\/wp\/v2\/posts"}],"about":[{"href":"https:\/\/www.actualidadadiario.com\/index.php\/wp-json\/wp\/v2\/types\/post"}],"author":[{"embeddable":true,"href":"https:\/\/www.actualidadadiario.com\/index.php\/wp-json\/wp\/v2\/users\/3"}],"replies":[{"embeddable":true,"href":"https:\/\/www.actualidadadiario.com\/index.php\/wp-json\/wp\/v2\/comments?post=17948"}],"version-history":[{"count":1,"href":"https:\/\/www.actualidadadiario.com\/index.php\/wp-json\/wp\/v2\/posts\/17948\/revisions"}],"predecessor-version":[{"id":17950,"href":"https:\/\/www.actualidadadiario.com\/index.php\/wp-json\/wp\/v2\/posts\/17948\/revisions\/17950"}],"wp:featuredmedia":[{"embeddable":true,"href":"https:\/\/www.actualidadadiario.com\/index.php\/wp-json\/wp\/v2\/media\/17949"}],"wp:attachment":[{"href":"https:\/\/www.actualidadadiario.com\/index.php\/wp-json\/wp\/v2\/media?parent=17948"}],"wp:term":[{"taxonomy":"category","embeddable":true,"href":"https:\/\/www.actualidadadiario.com\/index.php\/wp-json\/wp\/v2\/categories?post=17948"},{"taxonomy":"post_tag","embeddable":true,"href":"https:\/\/www.actualidadadiario.com\/index.php\/wp-json\/wp\/v2\/tags?post=17948"}],"curies":[{"name":"wp","href":"https:\/\/api.w.org\/{rel}","templated":true}]}}