{"id":17945,"date":"2017-09-27T09:32:48","date_gmt":"2017-09-27T12:32:48","guid":{"rendered":"http:\/\/actualidadadiario.com\/site\/?p=17945"},"modified":"2017-09-27T09:32:48","modified_gmt":"2017-09-27T12:32:48","slug":"la-comision-de-ddhh-viajara-a-esquel-para-hacer-un-seguimiento-del-caso-maldonado","status":"publish","type":"post","link":"https:\/\/www.actualidadadiario.com\/index.php\/2017\/09\/27\/la-comision-de-ddhh-viajara-a-esquel-para-hacer-un-seguimiento-del-caso-maldonado\/","title":{"rendered":"La comisi\u00f3n de DDHH viajar\u00e1 a Esquel para hacer un seguimiento del caso Maldonado"},"content":{"rendered":"<p><em><strong>La comisi\u00f3n de Derechos Humanos y Garant\u00edas de la C\u00e1mara de Diputados se constituir\u00e1 en la ciudad de Esquel a partir del pr\u00f3ximo 12 de octubre para hacer un seguimiento in situ de la causa judicial por la desaparici\u00f3n de Santiago Maldonado<\/strong><\/em><\/p>\n<p>&nbsp;<\/p>\n<p>&nbsp;<\/p>\n<p>&nbsp;<\/p>\n<p>&nbsp;<\/p>\n<p>De todos modos, el viaje a la ciudad chubutense est\u00e1 supeditado a la cuesti\u00f3n presupuestaria, raz\u00f3n por la cual la comisi\u00f3n presidida por Victoria Donda (Libres del Sur) ten\u00eda previsto dirigir una nota al presidente de la C\u00e1mara baja, Emilio Monz\u00f3, para que autorice los fondos.<\/p>\n<p>&nbsp;<\/p>\n<p>La decisi\u00f3n de enviar una delegaci\u00f3n a Esquel para interiorizarse sobre la causa que ahora lleva adelante el Gustavo Lleral, fue comunicada durante una reuni\u00f3n de comisi\u00f3n que nuevamente fracas\u00f3 en su intento de reunir qu\u00f3rum.<\/p>\n<p>&nbsp;<\/p>\n<p>De esta manera, se frustr\u00f3 por segunda semana consecutiva el tratamiento de un proyecto de ley que plantea la desclasificaci\u00f3n y publicidad de los archivos sobre el caso de la desaparici\u00f3n forzada de Jorge Julio L\u00f3pez, ocurrida hace 11 a\u00f1os.<\/p>\n<p>&nbsp;<\/p>\n<p>Apenas ocho diputados participaron de la reuni\u00f3n, y se hicieron escuchar las cr\u00edticas a Cambiemos por la falta de acompa\u00f1amiento al proyecto, que de contar con qu\u00f3rum hubiera conseguido dictamen favorable.<\/p>\n<p>&nbsp;<\/p>\n<p>&#8220;La ausencia de Cambiemos no es producto de la casualidad. Es una decisi\u00f3n pol\u00edtica ante un tema muy sensible como es el caso Maldonado&#8221;, se quej\u00f3 el legislador del Frente Renovador Horacio Alonso.<\/p>\n<p>&nbsp;<\/p>\n<p>Donda inform\u00f3 que har\u00e1 un nuevo intento para dictaminar el martes que viene, mediante la convocatoria a la comisi\u00f3n.<\/p>\n<p>&nbsp;<\/p>\n<p>La iniciativa, que fue presentada a fines del a\u00f1o pasado por la diputada mandato cumplido del Frente de Izquierda Myriam Bregman, prev\u00e9 que el Poder Ejecutivo disponga la apertura de los archivos que est\u00e1n en manos de fuerzas de seguridad estatales como la Polic\u00eda Federal, la Agencia Federal de Inteligencia, el Servicio Penitenciario Federal, Gendarmer\u00eda Nacional y Prefectura Nacional, as\u00ed como cualquier informaci\u00f3n que pueda conservar las Fuerzas Armadas.<\/p>\n<p>&nbsp;<\/p>\n<p>Se trata de los archivos concernientes a la causa que investiga la responsabilidad del represor Miguel Etchecolatz en delitos de lesa humanidad (que tuvo a L\u00f3pez como una de sus v\u00edctimas), como as\u00ed tambi\u00e9n la causa que tramita el Juzgado Federal N\u00b0 1 de La Plata sobre la &#8220;desaparici\u00f3n forzada&#8221; del alba\u00f1il.<\/p>\n<p>&nbsp;<\/p>\n<p>A la reuni\u00f3n concurrieron tambi\u00e9n Facundo Moyano (Frente Renovador), Diana Conti (FpV-PJ), Remo Carlotto (Movimiento Evita), Pablo L\u00f3pez (Frente de Izquierda) y Oscar Mart\u00ednez (Movimiento Popular Neuquino), mientras que a \u00faltimo momento se incorpor\u00f3 la diputada del PRO Anabella Hers Cabral.<\/p>\n","protected":false},"excerpt":{"rendered":"<p>La comisi\u00f3n de Derechos Humanos y Garant\u00edas de la C\u00e1mara de Diputados se constituir\u00e1 en la ciudad de Esquel a partir del pr\u00f3ximo 12 de octubre para hacer un seguimiento in situ de la causa judicial por la desaparici\u00f3n de Santiago Maldonado &nbsp; &nbsp; &nbsp; &nbsp; De todos modos, el viaje a la ciudad chubutense est\u00e1 supeditado a la cuesti\u00f3n presupuestaria, raz\u00f3n por la cual la comisi\u00f3n presidida por Victoria Donda (Libres del Sur) ten\u00eda previsto dirigir una nota al presidente de la C\u00e1mara baja, Emilio Monz\u00f3, para que autorice&#8230;<\/p>\n","protected":false},"author":3,"featured_media":17946,"comment_status":"closed","ping_status":"closed","sticky":false,"template":"","format":"standard","meta":[],"categories":[18],"tags":[],"_links":{"self":[{"href":"https:\/\/www.actualidadadiario.com\/index.php\/wp-json\/wp\/v2\/posts\/17945"}],"collection":[{"href":"https:\/\/www.actualidadadiario.com\/index.php\/wp-json\/wp\/v2\/posts"}],"about":[{"href":"https:\/\/www.actualidadadiario.com\/index.php\/wp-json\/wp\/v2\/types\/post"}],"author":[{"embeddable":true,"href":"https:\/\/www.actualidadadiario.com\/index.php\/wp-json\/wp\/v2\/users\/3"}],"replies":[{"embeddable":true,"href":"https:\/\/www.actualidadadiario.com\/index.php\/wp-json\/wp\/v2\/comments?post=17945"}],"version-history":[{"count":1,"href":"https:\/\/www.actualidadadiario.com\/index.php\/wp-json\/wp\/v2\/posts\/17945\/revisions"}],"predecessor-version":[{"id":17947,"href":"https:\/\/www.actualidadadiario.com\/index.php\/wp-json\/wp\/v2\/posts\/17945\/revisions\/17947"}],"wp:featuredmedia":[{"embeddable":true,"href":"https:\/\/www.actualidadadiario.com\/index.php\/wp-json\/wp\/v2\/media\/17946"}],"wp:attachment":[{"href":"https:\/\/www.actualidadadiario.com\/index.php\/wp-json\/wp\/v2\/media?parent=17945"}],"wp:term":[{"taxonomy":"category","embeddable":true,"href":"https:\/\/www.actualidadadiario.com\/index.php\/wp-json\/wp\/v2\/categories?post=17945"},{"taxonomy":"post_tag","embeddable":true,"href":"https:\/\/www.actualidadadiario.com\/index.php\/wp-json\/wp\/v2\/tags?post=17945"}],"curies":[{"name":"wp","href":"https:\/\/api.w.org\/{rel}","templated":true}]}}