{"id":17939,"date":"2017-09-27T09:31:17","date_gmt":"2017-09-27T12:31:17","guid":{"rendered":"http:\/\/actualidadadiario.com\/site\/?p=17939"},"modified":"2017-09-27T09:31:17","modified_gmt":"2017-09-27T12:31:17","slug":"diputados-se-comprometieron-a-prorrogar-ley-que-suspende-desalojos-de-tierras-indigenas","status":"publish","type":"post","link":"https:\/\/www.actualidadadiario.com\/index.php\/2017\/09\/27\/diputados-se-comprometieron-a-prorrogar-ley-que-suspende-desalojos-de-tierras-indigenas\/","title":{"rendered":"Diputados se comprometieron a prorrogar ley que suspende desalojos de tierras ind\u00edgenas"},"content":{"rendered":"<p><em><strong>Diputados nacionales del oficialismo y la oposici\u00f3n se comprometieron este martes en una audiencia p\u00fablica ante referentes de pueblos originarios a sancionar la pr\u00f3rroga a la ley 26.160 que suspende los desalojos en las tierras habitadas por comunidades abor\u00edgenes<\/strong><\/em><\/p>\n<p>&nbsp;<\/p>\n<p>&nbsp;<\/p>\n<p>&nbsp;<\/p>\n<p>&nbsp;<\/p>\n<p>Si bien el proyecto se discutir\u00e1 primero en el Senado, la C\u00e1mara de Diputados reafirm\u00f3 ante representantes de distintas comunidades abor\u00edgenes (mapuches, qom, wichis, villela, sanavirones, guaran\u00edes, warpes y collas) la voluntad de aprobar el proyecto de modo tal de avanzar con la extensi\u00f3n del plazo, que vence el pr\u00f3ximo 23 de noviembre.<\/p>\n<p>&nbsp;<\/p>\n<p>La actividad fue organizada por la diputada Silvia Horne (Peronismo para la Victoria), y cont\u00f3 con la presencia de diputados del PRO, de la UCR, del Frente para la Victoria y del Frente de Izquierda, entre otros.<\/p>\n<p>&nbsp;<\/p>\n<p>La diputada radical Patricia Gim\u00e9nez asegur\u00f3 que el oficialismo tiene voluntad de &#8220;apoyar y ayudar a resolver los problemas que tienen los pueblos originarios&#8221;, y especific\u00f3 que la decisi\u00f3n es acompa\u00f1ar el proyecto &#8220;que venga del Senado&#8221;.<\/p>\n<p>&nbsp;<\/p>\n<p>Tambi\u00e9n mencion\u00f3 otro aspecto que dispone la ley 26.160 vinculado con el relevamiento de tierras ind\u00edgenas y, al respecto, destac\u00f3 que en el proyecto que envi\u00f3 el Gobierno est\u00e1 contemplado el presupuesto necesario para que el Instituto Nacional de Asuntos Ind\u00edgenas (INAI) pueda desarrollar esa tarea, que no se viene cumpliendo.<\/p>\n<p>&nbsp;<\/p>\n<p>Por su parte, el jefe del bloque del FpV-PJ, H\u00e9ctor Recalde, aclar\u00f3 que su bancada votar\u00e1 &#8220;la pr\u00f3rroga de cuatro a\u00f1os&#8221;, y mencion\u00f3 que la misma ser\u00e1 &#8220;un ox\u00edgeno para lograr una soluci\u00f3n definitiva&#8221;.<\/p>\n<p>&nbsp;<\/p>\n<p>Nancy Chocobar, representante del Encuentro Nacional de Organizaciones Territoriales de Pueblos Originarios (ENOTPO), reclam\u00f3 poner especial \u00e9nfasis en &#8220;el tema presupuestario&#8221; y advirti\u00f3 que &#8220;los conflictos territoriales no van a cesar hasta que el Estado no reconozca los territorios&#8221; de las comunidades ind\u00edgenas.<\/p>\n<p>&nbsp;<\/p>\n<p>A su turno, Orlando Carriqueo del Parlamento Mapuche Tehuelche de R\u00edo Negro record\u00f3 que pasados 11 a\u00f1os de la sanci\u00f3n de la ley de tierras ind\u00edgenas apenas se complet\u00f3 &#8220;el 30 por ciento&#8221; del relevamiento catastral, y exigi\u00f3 una pr\u00f3rroga por &#8220;tiempo indefinido&#8221;.<\/p>\n<p>&nbsp;<\/p>\n<p>Destac\u00f3 que para solucionar la &#8220;larga deuda&#8221; que tiene el Estado con los pueblos originarios el conflicto de las tierras &#8220;hace falta decisi\u00f3n pol\u00edtica&#8221; y advirti\u00f3 que &#8220;no sirve uno o dos a\u00f1os&#8221; m\u00e1s de plazo, en alusi\u00f3n a las gestiones que estar\u00eda llevando a cabo el oficialismo en el Senado.<\/p>\n<p>&nbsp;<\/p>\n<p>A su vez, Carriqueo denunci\u00f3 que los representantes de comunidades abor\u00edgenes est\u00e1n siendo &#8220;estigmatizados y perseguidos por el Estado&#8221; y calific\u00f3 a Santiago Maldonado como un &#8220;amigo&#8221; que se solidariz\u00f3 con la causa mapuche.<\/p>\n<p>&nbsp;<\/p>\n<p>De la audiencia tambi\u00e9n participaron Alcira Argumedo (Proyecto Sur), Norma Durango (PJ pampeano), Horacio Goigoechea (UCR), Paula Urroz (PRO), Miguel Bazze (UCR), Sergio Buil (PRO), Alejandro Echegaray (UCR), Anselmo Mart\u00ednez (FPV-PJ), Lucila De Ponti (Peronismo para la Victoria), Leonardo Grosso (Peronismo para la Victoria), Victoria Donda (Libres del Sur), Pablo L\u00f3pez (FIT) y Juan Carlos Giordano (FIT).<\/p>\n<p>&nbsp;<\/p>\n<p>A su vez, se sumaron los senadores Juan Manuel Abal Medina (PJ-FPV), Liliana Fellner (PJ-FPV), Mar\u00eda Ester Labado (PJ-FPV) y Nancy Gonz\u00e1lez (PJ-FPV).<\/p>\n","protected":false},"excerpt":{"rendered":"<p>Diputados nacionales del oficialismo y la oposici\u00f3n se comprometieron este martes en una audiencia p\u00fablica ante referentes de pueblos originarios a sancionar la pr\u00f3rroga a la ley 26.160 que suspende los desalojos en las tierras habitadas por comunidades abor\u00edgenes &nbsp; &nbsp; &nbsp; &nbsp; Si bien el proyecto se discutir\u00e1 primero en el Senado, la C\u00e1mara de Diputados reafirm\u00f3 ante representantes de distintas comunidades abor\u00edgenes (mapuches, qom, wichis, villela, sanavirones, guaran\u00edes, warpes y collas) la voluntad de aprobar el proyecto de modo tal de avanzar con la extensi\u00f3n del plazo, que&#8230;<\/p>\n","protected":false},"author":3,"featured_media":17940,"comment_status":"closed","ping_status":"closed","sticky":false,"template":"","format":"standard","meta":[],"categories":[18],"tags":[],"_links":{"self":[{"href":"https:\/\/www.actualidadadiario.com\/index.php\/wp-json\/wp\/v2\/posts\/17939"}],"collection":[{"href":"https:\/\/www.actualidadadiario.com\/index.php\/wp-json\/wp\/v2\/posts"}],"about":[{"href":"https:\/\/www.actualidadadiario.com\/index.php\/wp-json\/wp\/v2\/types\/post"}],"author":[{"embeddable":true,"href":"https:\/\/www.actualidadadiario.com\/index.php\/wp-json\/wp\/v2\/users\/3"}],"replies":[{"embeddable":true,"href":"https:\/\/www.actualidadadiario.com\/index.php\/wp-json\/wp\/v2\/comments?post=17939"}],"version-history":[{"count":1,"href":"https:\/\/www.actualidadadiario.com\/index.php\/wp-json\/wp\/v2\/posts\/17939\/revisions"}],"predecessor-version":[{"id":17941,"href":"https:\/\/www.actualidadadiario.com\/index.php\/wp-json\/wp\/v2\/posts\/17939\/revisions\/17941"}],"wp:featuredmedia":[{"embeddable":true,"href":"https:\/\/www.actualidadadiario.com\/index.php\/wp-json\/wp\/v2\/media\/17940"}],"wp:attachment":[{"href":"https:\/\/www.actualidadadiario.com\/index.php\/wp-json\/wp\/v2\/media?parent=17939"}],"wp:term":[{"taxonomy":"category","embeddable":true,"href":"https:\/\/www.actualidadadiario.com\/index.php\/wp-json\/wp\/v2\/categories?post=17939"},{"taxonomy":"post_tag","embeddable":true,"href":"https:\/\/www.actualidadadiario.com\/index.php\/wp-json\/wp\/v2\/tags?post=17939"}],"curies":[{"name":"wp","href":"https:\/\/api.w.org\/{rel}","templated":true}]}}