{"id":17936,"date":"2017-09-27T09:30:27","date_gmt":"2017-09-27T12:30:27","guid":{"rendered":"http:\/\/actualidadadiario.com\/site\/?p=17936"},"modified":"2017-09-27T09:30:27","modified_gmt":"2017-09-27T12:30:27","slug":"para-estacioneros-el-precio-de-las-naftas-se-va-a-regir-por-las-necesidades-politicas-del-gobierno","status":"publish","type":"post","link":"https:\/\/www.actualidadadiario.com\/index.php\/2017\/09\/27\/para-estacioneros-el-precio-de-las-naftas-se-va-a-regir-por-las-necesidades-politicas-del-gobierno\/","title":{"rendered":"Para estacioneros, el precio de las naftas se va a regir por las &#8220;necesidades pol\u00edticas del Gobierno&#8221;"},"content":{"rendered":"<p><em><strong>Luego de que el Gobierno decidiera anticipar al 1 de octubre la alineaci\u00f3n de los precios internos del petr\u00f3leo y los combustibles con los internacionales, el presidente de la Asociaci\u00f3n de Estaciones de Servicio Independientes (AESI), Manuel Garc\u00eda, advirti\u00f3 que los nuevos precios de la nafta se van a regir por &#8220;las necesidades pol\u00edticas&#8221; del Ejecutivo<\/strong><\/em><\/p>\n<p>&nbsp;<\/p>\n<p>&nbsp;<\/p>\n<p>&nbsp;<\/p>\n<p>En ese sentido, Garc\u00eda consider\u00f3 que los precios no van a subir el primero de octubre &#8220;porque se vienen las elecciones&#8221;, al tiempo que agreg\u00f3 que &#8220;cuando la inflaci\u00f3n est\u00e9 bien, se vendr\u00e1n los aumentos&#8221;.<\/p>\n<p>&nbsp;<\/p>\n<p>&#8220;Los precios se van a regir por las necesidades pol\u00edticas del Gobierno, no por el mercado internacional. Y cuando al Gobierno le convenga mantener la inflaci\u00f3n, el precio no va a subir&#8221;, afirm\u00f3 el titular de AESI en declaraciones al programa &#8220;Ma\u00f1ana Sylvestre&#8221;, que se emite por Radio 10.<\/p>\n<p>&nbsp;<\/p>\n<p>Asimismo, alert\u00f3: &#8220;Hay que decirle a la gente que con esta medida no van a bajar los precios de las naftas, van a seguir subiendo&#8221;. Para Garc\u00eda, ahora el ministro de Energ\u00eda Juan Jos\u00e9 Aranguren &#8220;va a manejar los precios de los combustibles&#8221;. &#8220;Ya era libre el precio de los combustibles en el \u00b492. Esto es una pseudo liberaci\u00f3n&#8221;, concluy\u00f3.<\/p>\n<p>&nbsp;<\/p>\n<p>Cabe recordar que la decisi\u00f3n tomada por el Gobierno implica la liberalizaci\u00f3n del mercado a 20 d\u00edas de las elecciones, pero ya se sospecha que hay cierto acuerdo t\u00e1cito con las empresas para que los aumentos se posterguen hasta despu\u00e9s del acto electoral.<\/p>\n<p>&nbsp;<\/p>\n<p>En tanto, Carlos Gold, presidente de la Confederaci\u00f3n de Entidades de Comercializaci\u00f3n de Hidrocarburos de la Rep\u00fablica Argentina (CECHA), sostuvo en declaraciones a radio El Mundo, que se ven\u00eda especulando con un aumento. &#8220;Esto hace que las petroleras determinen d\u00f3nde comprar\u00e1n el crudo. Creemos que el aumento rondar\u00e1 entre el 7 y el 10 por ciento seg\u00fan el tipo de producto y creemos, adem\u00e1s, que se dar\u00e1 luego de las elecciones&#8221;, manifest\u00f3 en l\u00ednea con Garc\u00eda.<\/p>\n<p>&nbsp;<\/p>\n<p>&#8220;Exist\u00eda un acuerdo que se hab\u00eda firmado a principio de a\u00f1o entre el Gobierno y las petroleras en funci\u00f3n del cual se revisaba, trimestralmente, los componentes del precio de los combustibles y en funci\u00f3n de eso se defin\u00eda si hab\u00eda o no variaci\u00f3n en el costo. Ahora el Gobierno cumpli\u00f3 con la letra del acuerdo y liber\u00f3 los precios para que las refinadoras puedan acceder a cualquiera de los crudos, ya sean nacionales o internacionales&#8221;, detall\u00f3.<\/p>\n","protected":false},"excerpt":{"rendered":"<p>Luego de que el Gobierno decidiera anticipar al 1 de octubre la alineaci\u00f3n de los precios internos del petr\u00f3leo y los combustibles con los internacionales, el presidente de la Asociaci\u00f3n de Estaciones de Servicio Independientes (AESI), Manuel Garc\u00eda, advirti\u00f3 que los nuevos precios de la nafta se van a regir por &#8220;las necesidades pol\u00edticas&#8221; del Ejecutivo &nbsp; &nbsp; &nbsp; En ese sentido, Garc\u00eda consider\u00f3 que los precios no van a subir el primero de octubre &#8220;porque se vienen las elecciones&#8221;, al tiempo que agreg\u00f3 que &#8220;cuando la inflaci\u00f3n est\u00e9 bien,&#8230;<\/p>\n","protected":false},"author":3,"featured_media":17937,"comment_status":"closed","ping_status":"closed","sticky":false,"template":"","format":"standard","meta":[],"categories":[2],"tags":[],"_links":{"self":[{"href":"https:\/\/www.actualidadadiario.com\/index.php\/wp-json\/wp\/v2\/posts\/17936"}],"collection":[{"href":"https:\/\/www.actualidadadiario.com\/index.php\/wp-json\/wp\/v2\/posts"}],"about":[{"href":"https:\/\/www.actualidadadiario.com\/index.php\/wp-json\/wp\/v2\/types\/post"}],"author":[{"embeddable":true,"href":"https:\/\/www.actualidadadiario.com\/index.php\/wp-json\/wp\/v2\/users\/3"}],"replies":[{"embeddable":true,"href":"https:\/\/www.actualidadadiario.com\/index.php\/wp-json\/wp\/v2\/comments?post=17936"}],"version-history":[{"count":1,"href":"https:\/\/www.actualidadadiario.com\/index.php\/wp-json\/wp\/v2\/posts\/17936\/revisions"}],"predecessor-version":[{"id":17938,"href":"https:\/\/www.actualidadadiario.com\/index.php\/wp-json\/wp\/v2\/posts\/17936\/revisions\/17938"}],"wp:featuredmedia":[{"embeddable":true,"href":"https:\/\/www.actualidadadiario.com\/index.php\/wp-json\/wp\/v2\/media\/17937"}],"wp:attachment":[{"href":"https:\/\/www.actualidadadiario.com\/index.php\/wp-json\/wp\/v2\/media?parent=17936"}],"wp:term":[{"taxonomy":"category","embeddable":true,"href":"https:\/\/www.actualidadadiario.com\/index.php\/wp-json\/wp\/v2\/categories?post=17936"},{"taxonomy":"post_tag","embeddable":true,"href":"https:\/\/www.actualidadadiario.com\/index.php\/wp-json\/wp\/v2\/tags?post=17936"}],"curies":[{"name":"wp","href":"https:\/\/api.w.org\/{rel}","templated":true}]}}