{"id":16713,"date":"2017-09-01T09:23:44","date_gmt":"2017-09-01T12:23:44","guid":{"rendered":"http:\/\/actualidadadiario.com\/site\/?p=16713"},"modified":"2017-09-01T09:23:44","modified_gmt":"2017-09-01T12:23:44","slug":"productores-piden-dar-marcha-atras-con-la-importacion-de-cerdo","status":"publish","type":"post","link":"https:\/\/www.actualidadadiario.com\/index.php\/2017\/09\/01\/productores-piden-dar-marcha-atras-con-la-importacion-de-cerdo\/","title":{"rendered":"Productores piden dar marcha atr\u00e1s con la importaci\u00f3n de cerdo"},"content":{"rendered":"<p><em><strong>Productores de Federaci\u00f3n Agraria y gobiernos de Santa Fe, C\u00f3rdoba y Entre R\u00edos reclamaron dar marcha atr\u00e1s con la decisi\u00f3n de importar carne de cerdo desde los Estados Unidos, y advirtieron que peque\u00f1os chacareros est\u00e1n &#8220;destinados a desaparecer&#8221;<\/strong><\/em><\/p>\n<p>&nbsp;<\/p>\n<p>&nbsp;<\/p>\n<p>&nbsp;<\/p>\n<p>La entidad reuni\u00f3 en Rosario a productores porcinos de todo el pa\u00eds, cooperativas, especialistas del INTA, integrantes del cluster de Oncativo (C\u00f3rdoba) y ministros de Producci\u00f3n de la Regi\u00f3n Centro, para analizar el impacto.<\/p>\n<p>&nbsp;<\/p>\n<p>El presidente de la entidad, Omar Pr\u00edncipe, dijo que ser\u00eda una &#8220;buena se\u00f1al para respaldar el esfuerzo de miles de productores que hace a\u00f1os vienen trabajando&#8221;.<\/p>\n","protected":false},"excerpt":{"rendered":"<p>Productores de Federaci\u00f3n Agraria y gobiernos de Santa Fe, C\u00f3rdoba y Entre R\u00edos reclamaron dar marcha atr\u00e1s con la decisi\u00f3n de importar carne de cerdo desde los Estados Unidos, y advirtieron que peque\u00f1os chacareros est\u00e1n &#8220;destinados a desaparecer&#8221; &nbsp; &nbsp; &nbsp; La entidad reuni\u00f3 en Rosario a productores porcinos de todo el pa\u00eds, cooperativas, especialistas del INTA, integrantes del cluster de Oncativo (C\u00f3rdoba) y ministros de Producci\u00f3n de la Regi\u00f3n Centro, para analizar el impacto. &nbsp; El presidente de la entidad, Omar Pr\u00edncipe, dijo que ser\u00eda una &#8220;buena se\u00f1al para&#8230;<\/p>\n","protected":false},"author":3,"featured_media":16714,"comment_status":"closed","ping_status":"closed","sticky":false,"template":"","format":"standard","meta":[],"categories":[2],"tags":[],"_links":{"self":[{"href":"https:\/\/www.actualidadadiario.com\/index.php\/wp-json\/wp\/v2\/posts\/16713"}],"collection":[{"href":"https:\/\/www.actualidadadiario.com\/index.php\/wp-json\/wp\/v2\/posts"}],"about":[{"href":"https:\/\/www.actualidadadiario.com\/index.php\/wp-json\/wp\/v2\/types\/post"}],"author":[{"embeddable":true,"href":"https:\/\/www.actualidadadiario.com\/index.php\/wp-json\/wp\/v2\/users\/3"}],"replies":[{"embeddable":true,"href":"https:\/\/www.actualidadadiario.com\/index.php\/wp-json\/wp\/v2\/comments?post=16713"}],"version-history":[{"count":1,"href":"https:\/\/www.actualidadadiario.com\/index.php\/wp-json\/wp\/v2\/posts\/16713\/revisions"}],"predecessor-version":[{"id":16715,"href":"https:\/\/www.actualidadadiario.com\/index.php\/wp-json\/wp\/v2\/posts\/16713\/revisions\/16715"}],"wp:featuredmedia":[{"embeddable":true,"href":"https:\/\/www.actualidadadiario.com\/index.php\/wp-json\/wp\/v2\/media\/16714"}],"wp:attachment":[{"href":"https:\/\/www.actualidadadiario.com\/index.php\/wp-json\/wp\/v2\/media?parent=16713"}],"wp:term":[{"taxonomy":"category","embeddable":true,"href":"https:\/\/www.actualidadadiario.com\/index.php\/wp-json\/wp\/v2\/categories?post=16713"},{"taxonomy":"post_tag","embeddable":true,"href":"https:\/\/www.actualidadadiario.com\/index.php\/wp-json\/wp\/v2\/tags?post=16713"}],"curies":[{"name":"wp","href":"https:\/\/api.w.org\/{rel}","templated":true}]}}