{"id":16704,"date":"2017-09-01T09:21:33","date_gmt":"2017-09-01T12:21:33","guid":{"rendered":"http:\/\/actualidadadiario.com\/site\/?p=16704"},"modified":"2017-09-01T09:21:33","modified_gmt":"2017-09-01T12:21:33","slug":"agenda-de-trabajo-conjunto-entre-el-ejecutivo-y-el-tribunal-de-cuentas","status":"publish","type":"post","link":"https:\/\/www.actualidadadiario.com\/index.php\/2017\/09\/01\/agenda-de-trabajo-conjunto-entre-el-ejecutivo-y-el-tribunal-de-cuentas\/","title":{"rendered":"Agenda de trabajo conjunto entre el Ejecutivo y el Tribunal de Cuentas"},"content":{"rendered":"<p><em><strong>El gobernador Gustavo Bordet le da participaci\u00f3n al Tribunal de Cuentas en la reglamentaci\u00f3n de contrataciones de alta significaci\u00f3n econ\u00f3mica. Propiciar\u00e1 encuentros entre el organismo y los bloques legislativos para lograr consenso<\/strong><\/em><\/p>\n<p>&nbsp;<\/p>\n<p>&nbsp;<\/p>\n<p>&nbsp;<\/p>\n<p>La reglamentaci\u00f3n de la ley de contrataciones de alta significaci\u00f3n econ\u00f3mica y los concursos para presidente y fiscales del Tribunal de Cuentas fueron dos de los ejes sobre los cuales avanzaron en un encuentro el gobernador Gustavo Bordet y el titular del organismo, Federico Tomas, en la Casa Gris.<\/p>\n<p>&nbsp;<\/p>\n<p>Tomas, quien estuvo acompa\u00f1ado por los dos vocales del organismo, Jos\u00e9 Luis Gea S\u00e1nchez y Jos\u00e9 Alberto Miranda, calific\u00f3 al encuentro como &#8220;muy ameno&#8221;.<\/p>\n<p>&nbsp;<\/p>\n<p>\u201cCharlamos sobre la marcha y econom\u00eda de la provincia y fundamentalmente el gobernador nos hizo hincapi\u00e9 en dos temas que son de su preocupaci\u00f3n y la compartimos\u201d, indic\u00f3.<\/p>\n<p>&nbsp;<\/p>\n<p>Dijo que por un lado hablaron sobre &#8220;el proyecto de ley que envi\u00f3 el Ejecutivo hace algunos meses relacionado con la reglamentaci\u00f3n de las contrataciones de alta significaci\u00f3n econ\u00f3mica\u201d. Sobre este tema, apunt\u00f3 que \u201cest\u00e1bamos al tanto que el Ejecutivo hab\u00eda enviado esta reglamentaci\u00f3n, y que actualmente est\u00e1 en el Senado\u201d.<\/p>\n<p>&nbsp;<\/p>\n<p>\u201cEl gobernador nos quer\u00eda informar que en los pr\u00f3ximos d\u00edas estaremos en contacto para reunirnos con los bloques y poder hacer nuestro aporte como organismo de control. Es un tema que nos interesa y el gobernador nos manifest\u00f3 que es un inter\u00e9s del Ejecutivo avanzar en ese sentido\u201d, detall\u00f3.<\/p>\n<p>&nbsp;<\/p>\n<p>El otro tema sobre el cual dialogaron, fue el concurso para presidente y fiscales del Tribunal de Cuentas, que est\u00e1 reglamentado \u201cy todav\u00eda est\u00e1 por formarse el Jurado de Concurso, es un tema de inter\u00e9s de ambas partes\u201d.<\/p>\n<p>&nbsp;<\/p>\n<p>\u201cLe dimos nuestro parecer sobre estos dos temas\u201d, explic\u00f3 Tomas, y agreg\u00f3 que con el gobernador hay una \u201cbuena relaci\u00f3n as\u00ed que siempre el di\u00e1logo es fruct\u00edfero, como organismo apostamos al di\u00e1logo y el gobernador tambi\u00e9n\u201d.<\/p>\n<p>&nbsp;<\/p>\n<p>Por \u00faltimo, destac\u00f3 la posibilidad de mantener este tipo de encuentros con el mandatario entrerriano, y asegur\u00f3 que &#8220;nos vamos con un buen mensaje del gobernador y quedamos a disposici\u00f3n para lo que nos necesite\u201d.<\/p>\n","protected":false},"excerpt":{"rendered":"<p>El gobernador Gustavo Bordet le da participaci\u00f3n al Tribunal de Cuentas en la reglamentaci\u00f3n de contrataciones de alta significaci\u00f3n econ\u00f3mica. Propiciar\u00e1 encuentros entre el organismo y los bloques legislativos para lograr consenso &nbsp; &nbsp; &nbsp; La reglamentaci\u00f3n de la ley de contrataciones de alta significaci\u00f3n econ\u00f3mica y los concursos para presidente y fiscales del Tribunal de Cuentas fueron dos de los ejes sobre los cuales avanzaron en un encuentro el gobernador Gustavo Bordet y el titular del organismo, Federico Tomas, en la Casa Gris. &nbsp; Tomas, quien estuvo acompa\u00f1ado por&#8230;<\/p>\n","protected":false},"author":3,"featured_media":16705,"comment_status":"closed","ping_status":"closed","sticky":false,"template":"","format":"standard","meta":[],"categories":[15],"tags":[],"_links":{"self":[{"href":"https:\/\/www.actualidadadiario.com\/index.php\/wp-json\/wp\/v2\/posts\/16704"}],"collection":[{"href":"https:\/\/www.actualidadadiario.com\/index.php\/wp-json\/wp\/v2\/posts"}],"about":[{"href":"https:\/\/www.actualidadadiario.com\/index.php\/wp-json\/wp\/v2\/types\/post"}],"author":[{"embeddable":true,"href":"https:\/\/www.actualidadadiario.com\/index.php\/wp-json\/wp\/v2\/users\/3"}],"replies":[{"embeddable":true,"href":"https:\/\/www.actualidadadiario.com\/index.php\/wp-json\/wp\/v2\/comments?post=16704"}],"version-history":[{"count":1,"href":"https:\/\/www.actualidadadiario.com\/index.php\/wp-json\/wp\/v2\/posts\/16704\/revisions"}],"predecessor-version":[{"id":16706,"href":"https:\/\/www.actualidadadiario.com\/index.php\/wp-json\/wp\/v2\/posts\/16704\/revisions\/16706"}],"wp:featuredmedia":[{"embeddable":true,"href":"https:\/\/www.actualidadadiario.com\/index.php\/wp-json\/wp\/v2\/media\/16705"}],"wp:attachment":[{"href":"https:\/\/www.actualidadadiario.com\/index.php\/wp-json\/wp\/v2\/media?parent=16704"}],"wp:term":[{"taxonomy":"category","embeddable":true,"href":"https:\/\/www.actualidadadiario.com\/index.php\/wp-json\/wp\/v2\/categories?post=16704"},{"taxonomy":"post_tag","embeddable":true,"href":"https:\/\/www.actualidadadiario.com\/index.php\/wp-json\/wp\/v2\/tags?post=16704"}],"curies":[{"name":"wp","href":"https:\/\/api.w.org\/{rel}","templated":true}]}}