{"id":16701,"date":"2017-09-01T09:20:50","date_gmt":"2017-09-01T12:20:50","guid":{"rendered":"http:\/\/actualidadadiario.com\/site\/?p=16701"},"modified":"2017-09-01T09:20:50","modified_gmt":"2017-09-01T12:20:50","slug":"este-gobierno-tiene-politica-deportiva-para-los-entrerrianos-dijo-bordet","status":"publish","type":"post","link":"https:\/\/www.actualidadadiario.com\/index.php\/2017\/09\/01\/este-gobierno-tiene-politica-deportiva-para-los-entrerrianos-dijo-bordet\/","title":{"rendered":"\u201cEste gobierno tiene pol\u00edtica deportiva para los entrerrianos\u201d, dijo Bordet"},"content":{"rendered":"<p><em><strong>El gobernador Gustavo Bordet encabez\u00f3 este jueves una recorrida por el Club Ciclista de Paran\u00e1, junto a los miembros de la comisi\u00f3n directiva, donde comparti\u00f3 las pr\u00e1cticas de las distintas disciplinas deportivas de la instituci\u00f3n<\/strong><\/em><\/p>\n<p>&nbsp;<\/p>\n<p>&nbsp;<\/p>\n<p>&nbsp;<\/p>\n<p>\u201cEsta es una gratificante visita al Club Ciclista, una de las instituciones m\u00e1s importantes de la provincia, que adem\u00e1s de la actividad social tiene la formaci\u00f3n en basquetbol para chicos de distintas categor\u00edas\u201d, manifest\u00f3 el mandatario.<\/p>\n<p>&nbsp;<\/p>\n<p>Acompa\u00f1ado por su esposa, Mariel \u00c1vila; la ministra de Desarrollo Social, Laura Stratta; y el secretario de Deportes, Jos\u00e9 G\u00f3mez; Bordet fue recibido por el presidente de la instituci\u00f3n, Daniel Camiolo; el vicepresidente, Juan Movio; y el presidente de la subcomisi\u00f3n de b\u00e1squet, Julio Galuccio. En la oportunidad, el mandatario le entreg\u00f3 dos aportes a la entidad destinados a refacciones y acondicionamiento de las instalaciones y para la realizaci\u00f3n del cuadrangular semifinal del Campeonato Argentino de Clubes para la categor\u00eda U19.<\/p>\n<p>&nbsp;<\/p>\n<p>All\u00ed, asegur\u00f3 que \u201cel hecho de poder tener la representatividad en todo el territorio de la provincia resulta muy importante por lo que significa el deporte para nuestros j\u00f3venes en la formaci\u00f3n de cada uno y la contenci\u00f3n de la familia\u201d.<\/p>\n<p>&nbsp;<\/p>\n<p>En ese sentido Bordet reafirm\u00f3: \u201cPor eso es importante poder compartir esta tarde con la comisi\u00f3n directiva del club, los entrenadores y fundamentalmente con los chicos, que son quienes le dan vida no solo al Club Ciclista sino tambi\u00e9n a tantos otros clubes que, con mucha voluntad y esfuerzo, se dedican a esta noble tarea\u201d.<\/p>\n<p>&nbsp;<\/p>\n<p>Durante la recorrida, el gobernador sostuvo que la entrega de aportes \u201ces fruto de una pol\u00edtica deportiva que est\u00e1 instalada. Por ley se distribuyen los fondos excedentes de los juegos de azar y esto hace que tengamos una previsibilidad en desembolsos para todos los niveles y para aquellos clubes que compiten en ligas nacionales\u201d. Y agreg\u00f3: \u201cPara todos los niveles y para aquellos clubes que compiten en ligas, torneos nacionales, tambi\u00e9n para otros clubes que tienen, como en este caso Ciclista, una actividad de formaci\u00f3n y adem\u00e1s va un porcentaje al deporte social porque es muy importante lo que genera la contenci\u00f3n en los distintos barrios de la provincia.<\/p>\n<p>&nbsp;<\/p>\n<p>&nbsp;<\/p>\n<p><strong>Mucho trabajo<\/strong><\/p>\n<p>El presidente del Club, Daniel Camiolo, asegur\u00f3 que \u201ces un honor\u201d la visita del gobernador a las instalaciones del Ciclista. \u201cSomos un club de mucho trabajo, casi an\u00f3nimo y que no se ve y tener la visita del gobernador es un halago\u201d, resalt\u00f3.<\/p>\n<p>&nbsp;<\/p>\n<p>Destac\u00f3 asimismo el aporte econ\u00f3mico que recibi\u00f3 el club, \u201cpara que podamos realizar distintos tipos de trabajos en la instituci\u00f3n\u201d. En ese orden coment\u00f3 tambi\u00e9n: \u201cHemos tenido la posibilidad de construir una nueva cancha cubierta de basquetbol despu\u00e9s de much\u00edsimo tiempo y tambi\u00e9n hemos tenido la ayuda del gobierno de la provincia\u201d.<\/p>\n<p>&nbsp;<\/p>\n<p>Por ello \u201csomos muy agradecidos y asumimos con mucha responsabilidad este trabajo porque entendemos que como instituci\u00f3n tenemos que cumplir un rol de contenci\u00f3n de los chicos y j\u00f3venes, contar con el apoyo del gobierno y saber que el trabajo que estamos haciendo en ese sentido va por buen camino, para nosotros es muy bueno\u201d, indic\u00f3 al finalizar.<\/p>\n","protected":false},"excerpt":{"rendered":"<p>El gobernador Gustavo Bordet encabez\u00f3 este jueves una recorrida por el Club Ciclista de Paran\u00e1, junto a los miembros de la comisi\u00f3n directiva, donde comparti\u00f3 las pr\u00e1cticas de las distintas disciplinas deportivas de la instituci\u00f3n &nbsp; &nbsp; &nbsp; \u201cEsta es una gratificante visita al Club Ciclista, una de las instituciones m\u00e1s importantes de la provincia, que adem\u00e1s de la actividad social tiene la formaci\u00f3n en basquetbol para chicos de distintas categor\u00edas\u201d, manifest\u00f3 el mandatario. &nbsp; Acompa\u00f1ado por su esposa, Mariel \u00c1vila; la ministra de Desarrollo Social, Laura Stratta; y el&#8230;<\/p>\n","protected":false},"author":3,"featured_media":16702,"comment_status":"closed","ping_status":"closed","sticky":false,"template":"","format":"standard","meta":[],"categories":[15],"tags":[],"_links":{"self":[{"href":"https:\/\/www.actualidadadiario.com\/index.php\/wp-json\/wp\/v2\/posts\/16701"}],"collection":[{"href":"https:\/\/www.actualidadadiario.com\/index.php\/wp-json\/wp\/v2\/posts"}],"about":[{"href":"https:\/\/www.actualidadadiario.com\/index.php\/wp-json\/wp\/v2\/types\/post"}],"author":[{"embeddable":true,"href":"https:\/\/www.actualidadadiario.com\/index.php\/wp-json\/wp\/v2\/users\/3"}],"replies":[{"embeddable":true,"href":"https:\/\/www.actualidadadiario.com\/index.php\/wp-json\/wp\/v2\/comments?post=16701"}],"version-history":[{"count":1,"href":"https:\/\/www.actualidadadiario.com\/index.php\/wp-json\/wp\/v2\/posts\/16701\/revisions"}],"predecessor-version":[{"id":16703,"href":"https:\/\/www.actualidadadiario.com\/index.php\/wp-json\/wp\/v2\/posts\/16701\/revisions\/16703"}],"wp:featuredmedia":[{"embeddable":true,"href":"https:\/\/www.actualidadadiario.com\/index.php\/wp-json\/wp\/v2\/media\/16702"}],"wp:attachment":[{"href":"https:\/\/www.actualidadadiario.com\/index.php\/wp-json\/wp\/v2\/media?parent=16701"}],"wp:term":[{"taxonomy":"category","embeddable":true,"href":"https:\/\/www.actualidadadiario.com\/index.php\/wp-json\/wp\/v2\/categories?post=16701"},{"taxonomy":"post_tag","embeddable":true,"href":"https:\/\/www.actualidadadiario.com\/index.php\/wp-json\/wp\/v2\/tags?post=16701"}],"curies":[{"name":"wp","href":"https:\/\/api.w.org\/{rel}","templated":true}]}}