{"id":16696,"date":"2017-09-01T09:18:53","date_gmt":"2017-09-01T12:18:53","guid":{"rendered":"http:\/\/actualidadadiario.com\/site\/?p=16696"},"modified":"2017-09-01T09:18:53","modified_gmt":"2017-09-01T12:18:53","slug":"no-habra-clases-el-martes-5-en-toda-la-provincia","status":"publish","type":"post","link":"https:\/\/www.actualidadadiario.com\/index.php\/2017\/09\/01\/no-habra-clases-el-martes-5-en-toda-la-provincia\/","title":{"rendered":"No habr\u00e1 clases el martes 5 en toda la provincia"},"content":{"rendered":"<p><em><strong>El Consejo General de Educaci\u00f3n dispuso reprogramar el d\u00eda institucional con suspensi\u00f3n de actividades para desarrollar una jornada de formaci\u00f3n de los docentes, que en principio estaba prevista para el lunes 4 de septiembre, y que finalmente tendr\u00e1 lugar un d\u00eda posterior, el martes 5<\/strong><\/em><\/p>\n<p>&nbsp;<\/p>\n<p>&nbsp;<\/p>\n<p>&nbsp;<\/p>\n<p>&nbsp;<\/p>\n<p>Educaci\u00f3n indic\u00f3 que por \u201crazones de fuerza mayor\u201d -no explic\u00f3 cu\u00e1les, de qu\u00e9 envergadura- la jornada institucional con suspensi\u00f3n de clases del Programa Nacional de Formaci\u00f3n Permanente (PNFP) prevista para el 4 de septiembre se realizar\u00e1 el 5. As\u00ed qued\u00f3 dispuesto mediante Circular 27\/2017 del CGE.<\/p>\n<p>&nbsp;<\/p>\n<p>Para el martes 5 de septiembre, indic\u00f3 el organismo, la propuesta de abordaje de las jornadas consiste en partir de los proyectos institucionales educativos para definir las prioridades pedag\u00f3gico-did\u00e1cticas para lo que resta del ciclo lectivo, considerando a su vez los aprendizajes prioritarios de los alumnos asociados a sus trayectorias escolares.<\/p>\n<p>&nbsp;<\/p>\n<p>La jornada, con suspensi\u00f3n de clases, incluye a las escuelas p\u00fablicas de gesti\u00f3n estatal y privada de todos los niveles y modalidades del sistema educativo.<\/p>\n<p>&nbsp;<\/p>\n<p>Cabe destacar que estos encuentros son instancias colectivas de trabajo docente, organizados y coordinados por los equipos directivos de cada instituci\u00f3n. La duraci\u00f3n de la reuni\u00f3n tiene un piso m\u00ednimo de cuatro horas, a definir su inicio seg\u00fan cada establecimiento y es obligatoria para el personal.<\/p>\n","protected":false},"excerpt":{"rendered":"<p>El Consejo General de Educaci\u00f3n dispuso reprogramar el d\u00eda institucional con suspensi\u00f3n de actividades para desarrollar una jornada de formaci\u00f3n de los docentes, que en principio estaba prevista para el lunes 4 de septiembre, y que finalmente tendr\u00e1 lugar un d\u00eda posterior, el martes 5 &nbsp; &nbsp; &nbsp; &nbsp; Educaci\u00f3n indic\u00f3 que por \u201crazones de fuerza mayor\u201d -no explic\u00f3 cu\u00e1les, de qu\u00e9 envergadura- la jornada institucional con suspensi\u00f3n de clases del Programa Nacional de Formaci\u00f3n Permanente (PNFP) prevista para el 4 de septiembre se realizar\u00e1 el 5. As\u00ed qued\u00f3 dispuesto&#8230;<\/p>\n","protected":false},"author":3,"featured_media":16697,"comment_status":"closed","ping_status":"closed","sticky":false,"template":"","format":"standard","meta":[],"categories":[15],"tags":[],"_links":{"self":[{"href":"https:\/\/www.actualidadadiario.com\/index.php\/wp-json\/wp\/v2\/posts\/16696"}],"collection":[{"href":"https:\/\/www.actualidadadiario.com\/index.php\/wp-json\/wp\/v2\/posts"}],"about":[{"href":"https:\/\/www.actualidadadiario.com\/index.php\/wp-json\/wp\/v2\/types\/post"}],"author":[{"embeddable":true,"href":"https:\/\/www.actualidadadiario.com\/index.php\/wp-json\/wp\/v2\/users\/3"}],"replies":[{"embeddable":true,"href":"https:\/\/www.actualidadadiario.com\/index.php\/wp-json\/wp\/v2\/comments?post=16696"}],"version-history":[{"count":1,"href":"https:\/\/www.actualidadadiario.com\/index.php\/wp-json\/wp\/v2\/posts\/16696\/revisions"}],"predecessor-version":[{"id":16698,"href":"https:\/\/www.actualidadadiario.com\/index.php\/wp-json\/wp\/v2\/posts\/16696\/revisions\/16698"}],"wp:featuredmedia":[{"embeddable":true,"href":"https:\/\/www.actualidadadiario.com\/index.php\/wp-json\/wp\/v2\/media\/16697"}],"wp:attachment":[{"href":"https:\/\/www.actualidadadiario.com\/index.php\/wp-json\/wp\/v2\/media?parent=16696"}],"wp:term":[{"taxonomy":"category","embeddable":true,"href":"https:\/\/www.actualidadadiario.com\/index.php\/wp-json\/wp\/v2\/categories?post=16696"},{"taxonomy":"post_tag","embeddable":true,"href":"https:\/\/www.actualidadadiario.com\/index.php\/wp-json\/wp\/v2\/tags?post=16696"}],"curies":[{"name":"wp","href":"https:\/\/api.w.org\/{rel}","templated":true}]}}