{"id":16693,"date":"2017-09-01T09:18:11","date_gmt":"2017-09-01T12:18:11","guid":{"rendered":"http:\/\/actualidadadiario.com\/site\/?p=16693"},"modified":"2017-09-01T09:18:11","modified_gmt":"2017-09-01T12:18:11","slug":"nacion-no-proyecta-terminar-la-autovia-18","status":"publish","type":"post","link":"https:\/\/www.actualidadadiario.com\/index.php\/2017\/09\/01\/nacion-no-proyecta-terminar-la-autovia-18\/","title":{"rendered":"Naci\u00f3n no proyecta terminar la autov\u00eda 18"},"content":{"rendered":"<p><em><strong>Lo dijo Marcos Pe\u00f1a, ante una consulta de la diputada Gaillard. \u201cPara el Gobierno nacional no es prioridad finalizar la obra de la Autov\u00eda 18 en Entre R\u00edos\u201d<\/strong><\/em><\/p>\n<p>&nbsp;<\/p>\n<p>&nbsp;<\/p>\n<p>&nbsp;<\/p>\n<p>La diputada nacional Carolina Gaillard (FpV-PJ) consult\u00f3 al jefe de Gabinete de Ministros si van a incluir en el Presupuesto 2018 los recursos para finalizar el tramo del medio de la Autov\u00eda 18. Pe\u00f1a contest\u00f3 que \u201cpara el Gobierno nacional no es prioridad finalizar la obra de la Autov\u00eda 18 en Entre R\u00edos\u201d.<\/p>\n<p>&nbsp;<\/p>\n<p>Gaillard realiz\u00f3 tres preguntas al jefe de Gabinete de Ministros de la Naci\u00f3n, Marcos Pe\u00f1a, durante la sesi\u00f3n informativa a la que asisti\u00f3 el funcionario en la C\u00e1mara de Diputados de la Naci\u00f3n. Los temas abordados por la legisladora fueron coparticipaci\u00f3n, la ausencia de obra p\u00fablica de Naci\u00f3n en Entre R\u00edos, y la falta de reglamentaci\u00f3n de la Ley de Cannabis Medicinal.<\/p>\n<p>&nbsp;<\/p>\n<p>Cuando Gaillard pregunt\u00f3 si en el Presupuesto 2018 van a incluirse los recursos para finalizar la obra de la Autov\u00eda 18 que une Paran\u00e1 y Concordia, el jefe de Gabinete de Ministros ratific\u00f3 lo dicho por Frigerio en la Reuni\u00f3n de Presupuesto en 2016, cuando el ahora ministro del Interior asegur\u00f3 que el Gobierno nacional no considera que terminar la Autov\u00eda 18 sea una prioridad porque \u2013seg\u00fan su criterio- no circula la cantidad de autos suficiente para que se justifique la obra. Frente a esta respuesta, Gaillard se\u00f1al\u00f3 que en el mundo ya no es criterio para hacer autopistas la cantidad de autos que circulan, sino la seguridad de las personas que lo hacen, as\u00ed como el desarrollo econ\u00f3mico que este tipo de obras generan en la regi\u00f3n.<\/p>\n<p>&nbsp;<\/p>\n<p>\u201cNo se trata s\u00f3lo de la seguridad vial, sino tambi\u00e9n del desarrollo econ\u00f3mico de nuestra provincia, ya que la autov\u00eda conecta a Entre R\u00edos con el Corredor Bioce\u00e1nico\u201d, se\u00f1al\u00f3.<\/p>\n<p>&nbsp;<\/p>\n<p>De la respuesta de Marcos Pe\u00f1a se desprende que el Gobierno nacional no contemplar\u00e1 los fondos necesarios para finalizar la obra de la Autov\u00eda 18, estrat\u00e9gica para Entre R\u00edos, considerando que une las costas del R\u00edo Paran\u00e1 y el R\u00edo Uruguay.<\/p>\n","protected":false},"excerpt":{"rendered":"<p>Lo dijo Marcos Pe\u00f1a, ante una consulta de la diputada Gaillard. \u201cPara el Gobierno nacional no es prioridad finalizar la obra de la Autov\u00eda 18 en Entre R\u00edos\u201d &nbsp; &nbsp; &nbsp; La diputada nacional Carolina Gaillard (FpV-PJ) consult\u00f3 al jefe de Gabinete de Ministros si van a incluir en el Presupuesto 2018 los recursos para finalizar el tramo del medio de la Autov\u00eda 18. Pe\u00f1a contest\u00f3 que \u201cpara el Gobierno nacional no es prioridad finalizar la obra de la Autov\u00eda 18 en Entre R\u00edos\u201d. &nbsp; Gaillard realiz\u00f3 tres preguntas al&#8230;<\/p>\n","protected":false},"author":3,"featured_media":16694,"comment_status":"closed","ping_status":"closed","sticky":false,"template":"","format":"standard","meta":[],"categories":[9,15],"tags":[],"_links":{"self":[{"href":"https:\/\/www.actualidadadiario.com\/index.php\/wp-json\/wp\/v2\/posts\/16693"}],"collection":[{"href":"https:\/\/www.actualidadadiario.com\/index.php\/wp-json\/wp\/v2\/posts"}],"about":[{"href":"https:\/\/www.actualidadadiario.com\/index.php\/wp-json\/wp\/v2\/types\/post"}],"author":[{"embeddable":true,"href":"https:\/\/www.actualidadadiario.com\/index.php\/wp-json\/wp\/v2\/users\/3"}],"replies":[{"embeddable":true,"href":"https:\/\/www.actualidadadiario.com\/index.php\/wp-json\/wp\/v2\/comments?post=16693"}],"version-history":[{"count":1,"href":"https:\/\/www.actualidadadiario.com\/index.php\/wp-json\/wp\/v2\/posts\/16693\/revisions"}],"predecessor-version":[{"id":16695,"href":"https:\/\/www.actualidadadiario.com\/index.php\/wp-json\/wp\/v2\/posts\/16693\/revisions\/16695"}],"wp:featuredmedia":[{"embeddable":true,"href":"https:\/\/www.actualidadadiario.com\/index.php\/wp-json\/wp\/v2\/media\/16694"}],"wp:attachment":[{"href":"https:\/\/www.actualidadadiario.com\/index.php\/wp-json\/wp\/v2\/media?parent=16693"}],"wp:term":[{"taxonomy":"category","embeddable":true,"href":"https:\/\/www.actualidadadiario.com\/index.php\/wp-json\/wp\/v2\/categories?post=16693"},{"taxonomy":"post_tag","embeddable":true,"href":"https:\/\/www.actualidadadiario.com\/index.php\/wp-json\/wp\/v2\/tags?post=16693"}],"curies":[{"name":"wp","href":"https:\/\/api.w.org\/{rel}","templated":true}]}}