{"id":16690,"date":"2017-09-01T09:17:26","date_gmt":"2017-09-01T12:17:26","guid":{"rendered":"http:\/\/actualidadadiario.com\/site\/?p=16690"},"modified":"2017-09-01T09:17:26","modified_gmt":"2017-09-01T12:17:26","slug":"polemico-para-el-abogado-acusado-de-abuso-sexual-sus-denunciantes-nunca-se-sintieron-victimas","status":"publish","type":"post","link":"https:\/\/www.actualidadadiario.com\/index.php\/2017\/09\/01\/polemico-para-el-abogado-acusado-de-abuso-sexual-sus-denunciantes-nunca-se-sintieron-victimas\/","title":{"rendered":"Pol\u00e9mico: para el abogado acusado de abuso sexual, sus denunciantes &#8220;nunca se sintieron v\u00edctimas&#8221;"},"content":{"rendered":"<p><em><strong>El abogado de Gualeguaych\u00fa acusado por &#8220;corrupci\u00f3n y promoci\u00f3n de la prostituci\u00f3n de menores&#8221;, Gustavo Rivas, se neg\u00f3 a declarar ante la Justicia y dijo a medios locales: &#8220;Mi conciencia me dice que muchas personas que tuvieron alguna relaci\u00f3n sexual conmigo, nunca se sintieron v\u00edctimas&#8221;<\/strong><\/em><\/p>\n<p>&nbsp;<\/p>\n<p>&nbsp;<\/p>\n<p>&nbsp;<\/p>\n<p>En di\u00e1logo con el medio local &#8220;An\u00e1lisis Digital&#8221;, el letrado afirm\u00f3 &#8220;lo que dije el d\u00eda del allanamiento es que no me voy a esconder y seguir\u00e9 siendo el mismo, y soy el mismo&#8221; al tiempo que puso en dudas sobre la investigaci\u00f3n period\u00edstica que dio a conocer los supuestos abusos contra menores que habr\u00eda perpetrado.<\/p>\n<p>&nbsp;<\/p>\n<p>&#8220;La Justicia hace muy bien en investigar, debe hacerlo y lo est\u00e1 haciendo muy bien&#8221;, afirm\u00f3 Rivas, aunque evit\u00f3 referirse a las imputaciones que realiz\u00f3 Mart\u00edn Daneri, una de las primeras v\u00edctimas que lo denunci\u00f3. &#8220;Como abogado e imputado ser\u00eda harto desprolijo referirme a imputaciones. No voy a hablar nada en esta etapa&#8221;, sentenci\u00f3.<\/p>\n<p>&nbsp;<\/p>\n<p>La citaci\u00f3n sigui\u00f3 a las denuncias de dos nuevas v\u00edctimas que se presentaron ante la Justicia y elevaron a seis las acusaciones contra Rivas, como parte de la investigaci\u00f3n que se le sigue por promoci\u00f3n a la corrupci\u00f3n y promoci\u00f3n a la prostituci\u00f3n durante 40 a\u00f1os, seg\u00fan el fiscal.<\/p>\n<p>&nbsp;<\/p>\n<p>La causa contra el abogado se inici\u00f3 tras una denuncia period\u00edstica difundida por Daniel Enz en el semanario &#8220;An\u00e1lisis&#8221;, donde dio cuenta de numerosos casos en los que el letrado habr\u00eda abusado a menores de edad.<\/p>\n<p>&nbsp;<\/p>\n<p>Su abogado defensor, Ra\u00fal Jurado, dijo a T\u00e9lam que la decisi\u00f3n de no declarar se debe a que &#8220;los denunciantes son iniciales&#8221; ya que se preservan sus identidades, y afirm\u00f3 que hasta que no se revelen sus nombres &#8220;hay una imposibilidad cierta&#8221; de declarar.<\/p>\n<p>&nbsp;<\/p>\n<p>&#8220;Si yo digo que sucedi\u00f3 tal cosa con J.M.T, es imposible que tomemos en serio esto&#8221;, ejemplific\u00f3 el abogado que tild\u00f3 de &#8220;payasescas&#8221; las denuncias contra su defendido y asegur\u00f3 que con la investigaci\u00f3n &#8220;se est\u00e1 aclarando por d\u00f3nde viene la mano&#8221;, al tiempo que advirti\u00f3 que en la causa &#8220;hay muchos intereses pol\u00edticos&#8221;, aunque no precis\u00f3 a cu\u00e1les se refer\u00eda.<\/p>\n<p>&nbsp;<\/p>\n<p>&#8220;Nosotros no podemos hacer nada m\u00e1s que esperar a ver si nos elevan a juicio o no. La decisi\u00f3n de no declarar no es una estrategia, es una clara imposibilidad&#8221;, agreg\u00f3.<\/p>\n<p>&nbsp;<\/p>\n<p>El fiscal Beher\u00e1n adelant\u00f3 que tiene hasta el momento seis denuncias firmes, adem\u00e1s de nueve testigos que sostienen la acusaci\u00f3n, y consign\u00f3 que cuenta con material probatorio que surgi\u00f3 del allanamiento realizado en la vivienda de Rivas el 27 de julio.<\/p>\n<p>&nbsp;<\/p>\n<p>Se trata de m\u00e1s de 200 fotograf\u00edas y casi un centenar de videos, cuyas im\u00e1genes son muy elocuentes, seg\u00fan el fiscal.<\/p>\n<p>&nbsp;<\/p>\n<p>La nota que dispar\u00f3 la investigaci\u00f3n fue difundida bajo el t\u00edtulo &#8220;La doble vida del abogado&#8221; y se logr\u00f3 tras un a\u00f1o y medio de investigaci\u00f3n de las actividades de Rivas, que es Ciudadano Ilustre de Gualeguaych\u00fa, donde fue candidato a gobernador por la Uced\u00e9, que lider\u00f3 por \u00c1lvaro Alsogaray.<\/p>\n<p>&nbsp;<\/p>\n<p>&#8220;Los c\u00e1lculos m\u00e1s moderados indican que, por lo menos, corrompi\u00f3 a m\u00e1s de 2.000 adolescentes de entre 15 y 16 a\u00f1os, entre 1970 y m\u00e1s all\u00e1 del 2010 &#8220;, sostiene Enz en su art\u00edculo.<\/p>\n","protected":false},"excerpt":{"rendered":"<p>El abogado de Gualeguaych\u00fa acusado por &#8220;corrupci\u00f3n y promoci\u00f3n de la prostituci\u00f3n de menores&#8221;, Gustavo Rivas, se neg\u00f3 a declarar ante la Justicia y dijo a medios locales: &#8220;Mi conciencia me dice que muchas personas que tuvieron alguna relaci\u00f3n sexual conmigo, nunca se sintieron v\u00edctimas&#8221; &nbsp; &nbsp; &nbsp; En di\u00e1logo con el medio local &#8220;An\u00e1lisis Digital&#8221;, el letrado afirm\u00f3 &#8220;lo que dije el d\u00eda del allanamiento es que no me voy a esconder y seguir\u00e9 siendo el mismo, y soy el mismo&#8221; al tiempo que puso en dudas sobre la&#8230;<\/p>\n","protected":false},"author":3,"featured_media":16691,"comment_status":"closed","ping_status":"closed","sticky":false,"template":"","format":"standard","meta":[],"categories":[15],"tags":[],"_links":{"self":[{"href":"https:\/\/www.actualidadadiario.com\/index.php\/wp-json\/wp\/v2\/posts\/16690"}],"collection":[{"href":"https:\/\/www.actualidadadiario.com\/index.php\/wp-json\/wp\/v2\/posts"}],"about":[{"href":"https:\/\/www.actualidadadiario.com\/index.php\/wp-json\/wp\/v2\/types\/post"}],"author":[{"embeddable":true,"href":"https:\/\/www.actualidadadiario.com\/index.php\/wp-json\/wp\/v2\/users\/3"}],"replies":[{"embeddable":true,"href":"https:\/\/www.actualidadadiario.com\/index.php\/wp-json\/wp\/v2\/comments?post=16690"}],"version-history":[{"count":1,"href":"https:\/\/www.actualidadadiario.com\/index.php\/wp-json\/wp\/v2\/posts\/16690\/revisions"}],"predecessor-version":[{"id":16692,"href":"https:\/\/www.actualidadadiario.com\/index.php\/wp-json\/wp\/v2\/posts\/16690\/revisions\/16692"}],"wp:featuredmedia":[{"embeddable":true,"href":"https:\/\/www.actualidadadiario.com\/index.php\/wp-json\/wp\/v2\/media\/16691"}],"wp:attachment":[{"href":"https:\/\/www.actualidadadiario.com\/index.php\/wp-json\/wp\/v2\/media?parent=16690"}],"wp:term":[{"taxonomy":"category","embeddable":true,"href":"https:\/\/www.actualidadadiario.com\/index.php\/wp-json\/wp\/v2\/categories?post=16690"},{"taxonomy":"post_tag","embeddable":true,"href":"https:\/\/www.actualidadadiario.com\/index.php\/wp-json\/wp\/v2\/tags?post=16690"}],"curies":[{"name":"wp","href":"https:\/\/api.w.org\/{rel}","templated":true}]}}