{"id":1628,"date":"2016-09-27T09:38:59","date_gmt":"2016-09-27T12:38:59","guid":{"rendered":"http:\/\/actualidadadiario.com\/site\/?p=1628"},"modified":"2016-09-27T09:38:59","modified_gmt":"2016-09-27T12:38:59","slug":"lamentablemente-existe-la-puerta-giratoria-en-la-justicia","status":"publish","type":"post","link":"https:\/\/www.actualidadadiario.com\/index.php\/2016\/09\/27\/lamentablemente-existe-la-puerta-giratoria-en-la-justicia\/","title":{"rendered":"&#8220;Lamentablemente existe la puerta giratoria en la Justicia&#8221;"},"content":{"rendered":"<p><em><strong>El ministro de Justicia, Germ\u00e1n Garavano, cuestion\u00f3 este lunes la demora en la aplicaci\u00f3n de penas a quienes cometen un delito. &#8220;Lamentablemente existe la puerta giratoria&#8221;, remarc\u00f3<\/strong><\/em><\/p>\n<p>&nbsp;<\/p>\n<p>&nbsp;<\/p>\n<p>&nbsp;<\/p>\n<p>&nbsp;<\/p>\n<p>En declaraciones a Vorterix, Garavano dijo que &#8220;muchas veces el Estado est\u00e1 ausente y llega tarde con las penas&#8221;.<\/p>\n<p>&nbsp;<\/p>\n<p>&#8220;La v\u00edctima todav\u00eda est\u00e1 declarando o esperando un peritaje y al delincuente ya se le otorg\u00f3 la excarcelaci\u00f3n&#8221;, se\u00f1al\u00f3.<\/p>\n<p>&nbsp;<\/p>\n<p>&#8220;A veces el delincuente sale m\u00e1s r\u00e1pido que la v\u00edctima&#8221;, admiti\u00f3 el ministro.<\/p>\n<p>&nbsp;<\/p>\n<p>El domingo, Garavano, respald\u00f3 la marcha de protesta contra el avance de la inseguridad convocada para el 11 de octubre por las v\u00edctimas de ese flagelo, y al respecto consider\u00f3 que &#8220;tiene que ayudar a que todos los actores tomen conciencia&#8221; de la problem\u00e1tica.<\/p>\n","protected":false},"excerpt":{"rendered":"<p>El ministro de Justicia, Germ\u00e1n Garavano, cuestion\u00f3 este lunes la demora en la aplicaci\u00f3n de penas a quienes cometen un delito. &#8220;Lamentablemente existe la puerta giratoria&#8221;, remarc\u00f3 &nbsp; &nbsp; &nbsp; &nbsp; En declaraciones a Vorterix, Garavano dijo que &#8220;muchas veces el Estado est\u00e1 ausente y llega tarde con las penas&#8221;. &nbsp; &#8220;La v\u00edctima todav\u00eda est\u00e1 declarando o esperando un peritaje y al delincuente ya se le otorg\u00f3 la excarcelaci\u00f3n&#8221;, se\u00f1al\u00f3. &nbsp; &#8220;A veces el delincuente sale m\u00e1s r\u00e1pido que la v\u00edctima&#8221;, admiti\u00f3 el ministro. &nbsp; El domingo, Garavano, respald\u00f3 la&#8230;<\/p>\n","protected":false},"author":3,"featured_media":1629,"comment_status":"closed","ping_status":"closed","sticky":false,"template":"","format":"standard","meta":[],"categories":[2],"tags":[],"_links":{"self":[{"href":"https:\/\/www.actualidadadiario.com\/index.php\/wp-json\/wp\/v2\/posts\/1628"}],"collection":[{"href":"https:\/\/www.actualidadadiario.com\/index.php\/wp-json\/wp\/v2\/posts"}],"about":[{"href":"https:\/\/www.actualidadadiario.com\/index.php\/wp-json\/wp\/v2\/types\/post"}],"author":[{"embeddable":true,"href":"https:\/\/www.actualidadadiario.com\/index.php\/wp-json\/wp\/v2\/users\/3"}],"replies":[{"embeddable":true,"href":"https:\/\/www.actualidadadiario.com\/index.php\/wp-json\/wp\/v2\/comments?post=1628"}],"version-history":[{"count":1,"href":"https:\/\/www.actualidadadiario.com\/index.php\/wp-json\/wp\/v2\/posts\/1628\/revisions"}],"predecessor-version":[{"id":1630,"href":"https:\/\/www.actualidadadiario.com\/index.php\/wp-json\/wp\/v2\/posts\/1628\/revisions\/1630"}],"wp:featuredmedia":[{"embeddable":true,"href":"https:\/\/www.actualidadadiario.com\/index.php\/wp-json\/wp\/v2\/media\/1629"}],"wp:attachment":[{"href":"https:\/\/www.actualidadadiario.com\/index.php\/wp-json\/wp\/v2\/media?parent=1628"}],"wp:term":[{"taxonomy":"category","embeddable":true,"href":"https:\/\/www.actualidadadiario.com\/index.php\/wp-json\/wp\/v2\/categories?post=1628"},{"taxonomy":"post_tag","embeddable":true,"href":"https:\/\/www.actualidadadiario.com\/index.php\/wp-json\/wp\/v2\/tags?post=1628"}],"curies":[{"name":"wp","href":"https:\/\/api.w.org\/{rel}","templated":true}]}}