{"id":1625,"date":"2016-09-27T09:38:12","date_gmt":"2016-09-27T12:38:12","guid":{"rendered":"http:\/\/actualidadadiario.com\/site\/?p=1625"},"modified":"2016-09-27T09:38:12","modified_gmt":"2016-09-27T12:38:12","slug":"numerosos-artistas-y-personalidades-internacionales-festejan-la-paz-en-colombia","status":"publish","type":"post","link":"https:\/\/www.actualidadadiario.com\/index.php\/2016\/09\/27\/numerosos-artistas-y-personalidades-internacionales-festejan-la-paz-en-colombia\/","title":{"rendered":"Numerosos artistas y personalidades internacionales festejan la paz en Colombia"},"content":{"rendered":"<h3><em><strong>Joaqu\u00edn Sabina, Miguel Bos\u00e9 y Juanes son algunas de las celebridades que se sumaron al D\u00eda mundial de la Paz en redes sociales para celebrar el fin de 52 a\u00f1os de guerra<\/strong><\/em><\/h3>\n<p>&nbsp;<\/p>\n<p>&nbsp;<\/p>\n<p>&nbsp;<\/p>\n<p>&nbsp;<\/p>\n<p>Con un s\u00edmbolo de la paz dibujado en la palma de la \u00a0mano y utilizando el hashtag #Peace4Colombia (Paz para Colombia) son cada vez m\u00e1s ciudadanos de todo el mundo los que se suman a este festejo por el fin de un conflicto armado que llevaba m\u00e1s de medio siglo.<\/p>\n<p>&nbsp;<\/p>\n<p>El Gobierno de Juan Manuel Santos\u00a0y las Fuerzas Armadas Revolucionarias de Colombia (FARC-EP) firman el acuerdo este lunes para iniciar el proceso de paz.<\/p>\n","protected":false},"excerpt":{"rendered":"<p>Joaqu\u00edn Sabina, Miguel Bos\u00e9 y Juanes son algunas de las celebridades que se sumaron al D\u00eda mundial de la Paz en redes sociales para celebrar el fin de 52 a\u00f1os de guerra &nbsp; &nbsp; &nbsp; &nbsp; Con un s\u00edmbolo de la paz dibujado en la palma de la \u00a0mano y utilizando el hashtag #Peace4Colombia (Paz para Colombia) son cada vez m\u00e1s ciudadanos de todo el mundo los que se suman a este festejo por el fin de un conflicto armado que llevaba m\u00e1s de medio siglo. &nbsp; El Gobierno de&#8230;<\/p>\n","protected":false},"author":3,"featured_media":1626,"comment_status":"closed","ping_status":"closed","sticky":false,"template":"","format":"standard","meta":[],"categories":[4],"tags":[],"_links":{"self":[{"href":"https:\/\/www.actualidadadiario.com\/index.php\/wp-json\/wp\/v2\/posts\/1625"}],"collection":[{"href":"https:\/\/www.actualidadadiario.com\/index.php\/wp-json\/wp\/v2\/posts"}],"about":[{"href":"https:\/\/www.actualidadadiario.com\/index.php\/wp-json\/wp\/v2\/types\/post"}],"author":[{"embeddable":true,"href":"https:\/\/www.actualidadadiario.com\/index.php\/wp-json\/wp\/v2\/users\/3"}],"replies":[{"embeddable":true,"href":"https:\/\/www.actualidadadiario.com\/index.php\/wp-json\/wp\/v2\/comments?post=1625"}],"version-history":[{"count":1,"href":"https:\/\/www.actualidadadiario.com\/index.php\/wp-json\/wp\/v2\/posts\/1625\/revisions"}],"predecessor-version":[{"id":1627,"href":"https:\/\/www.actualidadadiario.com\/index.php\/wp-json\/wp\/v2\/posts\/1625\/revisions\/1627"}],"wp:featuredmedia":[{"embeddable":true,"href":"https:\/\/www.actualidadadiario.com\/index.php\/wp-json\/wp\/v2\/media\/1626"}],"wp:attachment":[{"href":"https:\/\/www.actualidadadiario.com\/index.php\/wp-json\/wp\/v2\/media?parent=1625"}],"wp:term":[{"taxonomy":"category","embeddable":true,"href":"https:\/\/www.actualidadadiario.com\/index.php\/wp-json\/wp\/v2\/categories?post=1625"},{"taxonomy":"post_tag","embeddable":true,"href":"https:\/\/www.actualidadadiario.com\/index.php\/wp-json\/wp\/v2\/tags?post=1625"}],"curies":[{"name":"wp","href":"https:\/\/api.w.org\/{rel}","templated":true}]}}