{"id":15365,"date":"2017-08-07T09:38:09","date_gmt":"2017-08-07T12:38:09","guid":{"rendered":"http:\/\/actualidadadiario.com\/site\/?p=15365"},"modified":"2017-08-07T09:38:09","modified_gmt":"2017-08-07T12:38:09","slug":"para-patricia-bullrich-no-hay-ningun-indicio-de-que-gendarmeria-haya-detenido-a-santiago-maldonado","status":"publish","type":"post","link":"https:\/\/www.actualidadadiario.com\/index.php\/2017\/08\/07\/para-patricia-bullrich-no-hay-ningun-indicio-de-que-gendarmeria-haya-detenido-a-santiago-maldonado\/","title":{"rendered":"Para Patricia Bullrich, &#8220;no hay ning\u00fan indicio&#8221; de que Gendarmer\u00eda haya detenido a Santiago Maldonado"},"content":{"rendered":"<p><em><strong>La ministra de Seguridad, Patricia Bullrich, afirm\u00f3 que para el Gobierno y para el juez federal Guido Otranto &#8220;no hay ning\u00fan indicio de que fue la Gendarmer\u00eda&#8221; quien detuvo a Santiago Maldonado hace una semana durante el desalojo de un corte de la comunidad mapuche Lof de Cushamen en Chubut, y agreg\u00f3 que tampoco puede confirmar que &#8220;haya estado en el lugar, porque estaban todas las personas encapuchadas&#8221;<\/strong><\/em><\/p>\n<p>&nbsp;<\/p>\n<p>&nbsp;<\/p>\n<p>&nbsp;<\/p>\n<p>&nbsp;<\/p>\n<p>&nbsp;<\/p>\n<p>&#8220;El juez dice que no hay ning\u00fan indicio de que fue la Gendarmer\u00eda quien lo tom\u00f3 a Maldonado. Nosotros tampoco tenemos indicio de que Santiago Maldonado haya estado en el lugar, porque todas las personas estaban encapuchadas&#8221;, dijo Bullrich en radio la Red, y atribuy\u00f3 a la comunidad mapuche haber dificultado la investigaci\u00f3n.<\/p>\n<p>&nbsp;<\/p>\n<p>&#8220;No nos dejaron entrar y no pudimos hacer el trabajo que hay que hacer&#8221;, se\u00f1al\u00f3 la funcionaria y detall\u00f3 que tras recibir el h\u00e1beas corpus, en &#8220;el trabajo de b\u00fasqueda con el mismo juez Otranto&#8221; las fuerzas de seguridad tuvieron &#8220;dificultades para entrar en el lugar, porque la comunidad no dej\u00f3 entrar m\u00e1s de 400 metros&#8221;.<\/p>\n<p>&nbsp;<\/p>\n<p>Bullrich confirm\u00f3 que el operativo de Gendarmer\u00eda existi\u00f3 ordenado por juez Otranto &#8220;frente a hechos de violencia extrema como la quema de casas de puesteros y una estaci\u00f3n de tren&#8221;.<\/p>\n<p>&nbsp;<\/p>\n<p>&#8220;Se hab\u00eda tomado la ruta 40, la Gendarmer\u00eda va por orden del juez a despejar la ruta, en una situaci\u00f3n complicada y violenta porque hay de todo tipo de armas. Retiene a dos mujeres con chicos y todos los encapuchados salen corriendo hacia la comunidad Cushamen que queda justamente ah\u00ed&#8221;, cont\u00f3 la ministra, quien acot\u00f3 que luego ambas mujeres fueron dejadas en libertad.<\/p>\n<p>&nbsp;<\/p>\n<p>No obstante, insisti\u00f3 en que tal como lo indica el comunicado del juez &#8220;no fue la Gendarmer\u00eda quien lo tom\u00f3&#8221; a Maldonado, y que adem\u00e1s la Gendarmer\u00eda &#8220;no reporta ning\u00fan tipo de detenido&#8221;.<\/p>\n<p>&nbsp;<\/p>\n<p>&#8220;Si no, te imagin\u00e1s que nosotros hubi\u00e9ramos estado desde el primer d\u00eda&#8221;, enfatiz\u00f3 Bullrich, quien relat\u00f3 que dispuso el env\u00edo de un equipo especial de Prefectura para investigar el hecho.<\/p>\n<p>&nbsp;<\/p>\n<p>&#8220;La desaparici\u00f3n de una persona para nuestro Gobierno es absolutamente inadmisible&#8221;, subray\u00f3 la funcionaria, quien destac\u00f3 que ante el llamado en b\u00fasqueda de testigos &#8220;no se ha acercado nadie&#8221;.<\/p>\n<p>&nbsp;<\/p>\n<p>&#8220;Los testigos no han ido, nos gustar\u00eda que vayan&#8221;, dijo y a\u00f1adi\u00f3 que ya se ofreci\u00f3 recompensa por el joven desaparecido, para recalcar nuevamente que &#8220;ni Gendarmer\u00eda ni el juez dicen que detuvieron a Santiago Maldonado&#8221;.<\/p>\n<p>&nbsp;<\/p>\n<p>&nbsp;<\/p>\n<p><strong>Marchas en todo el pa\u00eds<\/strong><\/p>\n<p>La familia de Santiago Maldonado llam\u00f3 a marchar en todo el pa\u00eds para exigir su aparici\u00f3n &#8220;con vida&#8221;.<\/p>\n<p>&nbsp;<\/p>\n<p>Germ\u00e1n Maldonado, hermano de Santiago, exigi\u00f3 &#8220;como argentino y dem\u00f3crata&#8221; la aparici\u00f3n &#8220;con vida&#8221; del joven y convoc\u00f3 a marchar esta tarde en distintos puntos del pa\u00eds.<\/p>\n<p>&nbsp;<\/p>\n<p>En declaraciones formuladas a radio Rivadavia, convoc\u00f3 &#8220;a todo el pueblo argentino a que se concentre en todos los puntos de movilizaci\u00f3n para llevar a cabo marchas pac\u00edficas y humanitarias&#8221; pidiendo por la aparici\u00f3n de su hermano.<\/p>\n<p>&nbsp;<\/p>\n<p>En ese marco, detall\u00f3 que fueron programadas movilizaciones a las 17 en el Monumento a San Mart\u00edn de Neuqu\u00e9n, en el Congreso de la Naci\u00f3n, en las calles 7 y 50 de La Plata y en la Plaza de los Pa\u00f1uelos en Bariloche.<\/p>\n<p>&nbsp;<\/p>\n<p>&nbsp;<\/p>\n<p><strong>Pedido de interpelaci\u00f3n<\/strong><\/p>\n<p>La diputada nacional de Libres del Sur Victoria Donda pidi\u00f3 la interpelaci\u00f3n en el Congreso de la ministra de Seguridad, Patricia Bullrich, para que brinde informaci\u00f3n sobre el accionar violento llevado adelante por la Gendarmer\u00eda Nacional contra la comunidad mapuche en Chubut, a ra\u00edz del cual se investiga la hip\u00f3tesis de la &#8220;desaparici\u00f3n forzada&#8221; de Maldonado.<\/p>\n<p>&nbsp;<\/p>\n<p>De esta manera, la legisladora solicit\u00f3 a Bullrich que concurra a dar explicaciones ante la comisi\u00f3n de Derechos Humanos de la C\u00e1mara baja que ella preside.<\/p>\n","protected":false},"excerpt":{"rendered":"<p>La ministra de Seguridad, Patricia Bullrich, afirm\u00f3 que para el Gobierno y para el juez federal Guido Otranto &#8220;no hay ning\u00fan indicio de que fue la Gendarmer\u00eda&#8221; quien detuvo a Santiago Maldonado hace una semana durante el desalojo de un corte de la comunidad mapuche Lof de Cushamen en Chubut, y agreg\u00f3 que tampoco puede confirmar que &#8220;haya estado en el lugar, porque estaban todas las personas encapuchadas&#8221; &nbsp; &nbsp; &nbsp; &nbsp; &nbsp; &#8220;El juez dice que no hay ning\u00fan indicio de que fue la Gendarmer\u00eda quien lo tom\u00f3 a&#8230;<\/p>\n","protected":false},"author":3,"featured_media":15366,"comment_status":"closed","ping_status":"closed","sticky":false,"template":"","format":"standard","meta":[],"categories":[18],"tags":[],"_links":{"self":[{"href":"https:\/\/www.actualidadadiario.com\/index.php\/wp-json\/wp\/v2\/posts\/15365"}],"collection":[{"href":"https:\/\/www.actualidadadiario.com\/index.php\/wp-json\/wp\/v2\/posts"}],"about":[{"href":"https:\/\/www.actualidadadiario.com\/index.php\/wp-json\/wp\/v2\/types\/post"}],"author":[{"embeddable":true,"href":"https:\/\/www.actualidadadiario.com\/index.php\/wp-json\/wp\/v2\/users\/3"}],"replies":[{"embeddable":true,"href":"https:\/\/www.actualidadadiario.com\/index.php\/wp-json\/wp\/v2\/comments?post=15365"}],"version-history":[{"count":1,"href":"https:\/\/www.actualidadadiario.com\/index.php\/wp-json\/wp\/v2\/posts\/15365\/revisions"}],"predecessor-version":[{"id":15367,"href":"https:\/\/www.actualidadadiario.com\/index.php\/wp-json\/wp\/v2\/posts\/15365\/revisions\/15367"}],"wp:featuredmedia":[{"embeddable":true,"href":"https:\/\/www.actualidadadiario.com\/index.php\/wp-json\/wp\/v2\/media\/15366"}],"wp:attachment":[{"href":"https:\/\/www.actualidadadiario.com\/index.php\/wp-json\/wp\/v2\/media?parent=15365"}],"wp:term":[{"taxonomy":"category","embeddable":true,"href":"https:\/\/www.actualidadadiario.com\/index.php\/wp-json\/wp\/v2\/categories?post=15365"},{"taxonomy":"post_tag","embeddable":true,"href":"https:\/\/www.actualidadadiario.com\/index.php\/wp-json\/wp\/v2\/tags?post=15365"}],"curies":[{"name":"wp","href":"https:\/\/api.w.org\/{rel}","templated":true}]}}