{"id":15362,"date":"2017-08-07T09:37:26","date_gmt":"2017-08-07T12:37:26","guid":{"rendered":"http:\/\/actualidadadiario.com\/site\/?p=15362"},"modified":"2017-08-07T09:37:26","modified_gmt":"2017-08-07T12:37:26","slug":"de-cara-a-las-paso-macri-le-pidio-ayuda-a-dios-espero-me-ilumine-dijo","status":"publish","type":"post","link":"https:\/\/www.actualidadadiario.com\/index.php\/2017\/08\/07\/de-cara-a-las-paso-macri-le-pidio-ayuda-a-dios-espero-me-ilumine-dijo\/","title":{"rendered":"De cara a las PASO, Macri le pidi\u00f3 ayuda a Dios: \u201cEspero me ilumine\u201d, dijo"},"content":{"rendered":"<p><em><strong>En el aut\u00f3dromo porte\u00f1o, el Presidente apel\u00f3 a la ayuda divina a una semana del primer turno electoral. Consider\u00f3 que la \u201cmisma pasi\u00f3n del TC hay que ponerla en el pa\u00eds\u201d. Cuestionaron su presencia<\/strong><\/em><\/p>\n<p>&nbsp;<\/p>\n<p>&nbsp;<\/p>\n<p>&nbsp;<\/p>\n<p>El presidente Mauricio Macri pidi\u00f3 este domingo que Dios lo ilumine para alcanzar un triunfo en las elecciones primarias que se desarrollar\u00e1n el pr\u00f3ximo domingo en Argentina. En la largada de la competencia del TC, inst\u00f3 a los argentinos a poner la \u201cmisma pasi\u00f3n&#8221; en las actividades diarias para que crezca el pa\u00eds. Su presencia en el evento fue cuestionada en las redes sociales.<\/p>\n<p>&nbsp;<\/p>\n<p>El jefe de estado dio la orden de largada del TC, en el aut\u00f3dromo porte\u00f1o Juan y Oscar G\u00e1lvez, al celebrarse 80 a\u00f1os del Turismo Carretera.<\/p>\n<p>&nbsp;<\/p>\n<p>Tras participar de la apertura de la carrera, Mauricio Macri celebr\u00f3 &#8220;la pasi\u00f3n maravillosa&#8221; del automovilismo y consider\u00f3, en di\u00e1logo con radio Rivadavia, que &#8220;esta misma pasi\u00f3n del TC hay que ponerla en el pa\u00eds, eso nos har\u00e1 crecer&#8221;.<\/p>\n<p>&nbsp;<\/p>\n<p>De cara a las elecciones primarias, que tendr\u00e1n lugar el 13 de agosto en todo el territorio argentino, Macri se\u00f1al\u00f3: &#8220;El domingo espero que Dios me ilumine&#8221;.<\/p>\n<p>&nbsp;<\/p>\n<p>&nbsp;<\/p>\n<p><strong>Rechazo y burlas<\/strong><\/p>\n<p>La aparici\u00f3n del mandatario en el evento, que reuni\u00f3 miles de &#8220;fierreros&#8221; y que fue emitido por la TV P\u00fablica, fue rechazada en las redes sociales. En Twitter, la oposici\u00f3n y simpatizantes del TC cuestionaron su presencia a una semana de las elecciones y algunos se burlaron de sus conclusiones expresadas por Macri sobre la competencia.<\/p>\n","protected":false},"excerpt":{"rendered":"<p>En el aut\u00f3dromo porte\u00f1o, el Presidente apel\u00f3 a la ayuda divina a una semana del primer turno electoral. Consider\u00f3 que la \u201cmisma pasi\u00f3n del TC hay que ponerla en el pa\u00eds\u201d. Cuestionaron su presencia &nbsp; &nbsp; &nbsp; El presidente Mauricio Macri pidi\u00f3 este domingo que Dios lo ilumine para alcanzar un triunfo en las elecciones primarias que se desarrollar\u00e1n el pr\u00f3ximo domingo en Argentina. En la largada de la competencia del TC, inst\u00f3 a los argentinos a poner la \u201cmisma pasi\u00f3n&#8221; en las actividades diarias para que crezca el pa\u00eds&#8230;.<\/p>\n","protected":false},"author":3,"featured_media":15363,"comment_status":"closed","ping_status":"closed","sticky":false,"template":"","format":"standard","meta":[],"categories":[9,18],"tags":[],"_links":{"self":[{"href":"https:\/\/www.actualidadadiario.com\/index.php\/wp-json\/wp\/v2\/posts\/15362"}],"collection":[{"href":"https:\/\/www.actualidadadiario.com\/index.php\/wp-json\/wp\/v2\/posts"}],"about":[{"href":"https:\/\/www.actualidadadiario.com\/index.php\/wp-json\/wp\/v2\/types\/post"}],"author":[{"embeddable":true,"href":"https:\/\/www.actualidadadiario.com\/index.php\/wp-json\/wp\/v2\/users\/3"}],"replies":[{"embeddable":true,"href":"https:\/\/www.actualidadadiario.com\/index.php\/wp-json\/wp\/v2\/comments?post=15362"}],"version-history":[{"count":1,"href":"https:\/\/www.actualidadadiario.com\/index.php\/wp-json\/wp\/v2\/posts\/15362\/revisions"}],"predecessor-version":[{"id":15364,"href":"https:\/\/www.actualidadadiario.com\/index.php\/wp-json\/wp\/v2\/posts\/15362\/revisions\/15364"}],"wp:featuredmedia":[{"embeddable":true,"href":"https:\/\/www.actualidadadiario.com\/index.php\/wp-json\/wp\/v2\/media\/15363"}],"wp:attachment":[{"href":"https:\/\/www.actualidadadiario.com\/index.php\/wp-json\/wp\/v2\/media?parent=15362"}],"wp:term":[{"taxonomy":"category","embeddable":true,"href":"https:\/\/www.actualidadadiario.com\/index.php\/wp-json\/wp\/v2\/categories?post=15362"},{"taxonomy":"post_tag","embeddable":true,"href":"https:\/\/www.actualidadadiario.com\/index.php\/wp-json\/wp\/v2\/tags?post=15362"}],"curies":[{"name":"wp","href":"https:\/\/api.w.org\/{rel}","templated":true}]}}