{"id":15353,"date":"2017-08-07T09:35:12","date_gmt":"2017-08-07T12:35:12","guid":{"rendered":"http:\/\/actualidadadiario.com\/site\/?p=15353"},"modified":"2017-08-07T09:35:12","modified_gmt":"2017-08-07T12:35:12","slug":"el-gobierno-llama-a-no-preocuparse-por-el-alza-del-dolar","status":"publish","type":"post","link":"https:\/\/www.actualidadadiario.com\/index.php\/2017\/08\/07\/el-gobierno-llama-a-no-preocuparse-por-el-alza-del-dolar\/","title":{"rendered":"El Gobierno llama a no preocuparse por el alza del d\u00f3lar"},"content":{"rendered":"<p><em><strong>El Gobierno sostiene que no existe motivo para que ese tema cause la aflicci\u00f3n de la ciudadan\u00eda y asegura que trabaja en la meta de inflaci\u00f3n<\/strong><\/em><\/p>\n<p>&nbsp;<\/p>\n<p>&nbsp;<\/p>\n<p>&nbsp;<\/p>\n<p>El jefe de Gabinete, Marcos Pe\u00f1a, sostuvo este domingo que &#8220;no hay motivo para preocuparse&#8221; por el d\u00f3lar&#8221; y asegur\u00f3 que el Gobierno trabaja para la meta de inflaci\u00f3n, &#8220;independientemente se cumpla o no&#8221;.<\/p>\n<p>&nbsp;<\/p>\n<p>&#8220;Lo dijimos en su momento y se corrobor\u00f3 con la realidad, no hay motivo para preocuparse con el d\u00f3lar porque hay un Banco Central fuerte, independiente, con reservas -algo que antes no hab\u00eda-, con un esquema de flotaci\u00f3n cambiaria, que es el mejor instrumento para que este crecimiento sea sustentable&#8221;, destac\u00f3.<\/p>\n<p>&nbsp;<\/p>\n<p>El viernes pasado el billete cotiz\u00f3 a $17,94, igual valor que el d\u00eda anterior, y registr\u00f3 a lo largo de la semana una baja de siete centavos, como consecuencia de la intervenci\u00f3n de la autoridad monetaria, que retom\u00f3 esos mecanismos luego de que la divisa superara por primera vez el techo de los $18.<\/p>\n<p>&nbsp;<\/p>\n<p>El funcionario subray\u00f3 que &#8220;as\u00ed como dec\u00edan que se iba a disparar, esta semana baj\u00f3 y cada vez ser\u00e1 m\u00e1s natural que a veces suba y otras baje&#8221;.<\/p>\n<p>&nbsp;<\/p>\n<p>Adem\u00e1s, se refiri\u00f3 a las metas de inflaci\u00f3n fijadas por el organismo que conduce Federico Sturzenegger y asegur\u00f3: &#8220;Seguimos trabajando para la meta, independientemente se cumpla o no, despu\u00e9s se analizar\u00e1&#8221;.<\/p>\n<p>&nbsp;<\/p>\n<p>En una entrevista con Diario Popular, consider\u00f3, de ese modo, que &#8220;no es ni una promesa ni un pron\u00f3stico, sino que indica la decisi\u00f3n estrat\u00e9gica de bajar la inflaci\u00f3n y eliminarla de la ecuaci\u00f3n econ\u00f3mica argentina&#8221;.<\/p>\n","protected":false},"excerpt":{"rendered":"<p>El Gobierno sostiene que no existe motivo para que ese tema cause la aflicci\u00f3n de la ciudadan\u00eda y asegura que trabaja en la meta de inflaci\u00f3n &nbsp; &nbsp; &nbsp; El jefe de Gabinete, Marcos Pe\u00f1a, sostuvo este domingo que &#8220;no hay motivo para preocuparse&#8221; por el d\u00f3lar&#8221; y asegur\u00f3 que el Gobierno trabaja para la meta de inflaci\u00f3n, &#8220;independientemente se cumpla o no&#8221;. &nbsp; &#8220;Lo dijimos en su momento y se corrobor\u00f3 con la realidad, no hay motivo para preocuparse con el d\u00f3lar porque hay un Banco Central fuerte, independiente,&#8230;<\/p>\n","protected":false},"author":3,"featured_media":15354,"comment_status":"closed","ping_status":"closed","sticky":false,"template":"","format":"standard","meta":[],"categories":[18],"tags":[],"_links":{"self":[{"href":"https:\/\/www.actualidadadiario.com\/index.php\/wp-json\/wp\/v2\/posts\/15353"}],"collection":[{"href":"https:\/\/www.actualidadadiario.com\/index.php\/wp-json\/wp\/v2\/posts"}],"about":[{"href":"https:\/\/www.actualidadadiario.com\/index.php\/wp-json\/wp\/v2\/types\/post"}],"author":[{"embeddable":true,"href":"https:\/\/www.actualidadadiario.com\/index.php\/wp-json\/wp\/v2\/users\/3"}],"replies":[{"embeddable":true,"href":"https:\/\/www.actualidadadiario.com\/index.php\/wp-json\/wp\/v2\/comments?post=15353"}],"version-history":[{"count":1,"href":"https:\/\/www.actualidadadiario.com\/index.php\/wp-json\/wp\/v2\/posts\/15353\/revisions"}],"predecessor-version":[{"id":15355,"href":"https:\/\/www.actualidadadiario.com\/index.php\/wp-json\/wp\/v2\/posts\/15353\/revisions\/15355"}],"wp:featuredmedia":[{"embeddable":true,"href":"https:\/\/www.actualidadadiario.com\/index.php\/wp-json\/wp\/v2\/media\/15354"}],"wp:attachment":[{"href":"https:\/\/www.actualidadadiario.com\/index.php\/wp-json\/wp\/v2\/media?parent=15353"}],"wp:term":[{"taxonomy":"category","embeddable":true,"href":"https:\/\/www.actualidadadiario.com\/index.php\/wp-json\/wp\/v2\/categories?post=15353"},{"taxonomy":"post_tag","embeddable":true,"href":"https:\/\/www.actualidadadiario.com\/index.php\/wp-json\/wp\/v2\/tags?post=15353"}],"curies":[{"name":"wp","href":"https:\/\/api.w.org\/{rel}","templated":true}]}}