{"id":15344,"date":"2017-08-07T09:32:40","date_gmt":"2017-08-07T12:32:40","guid":{"rendered":"http:\/\/actualidadadiario.com\/site\/?p=15344"},"modified":"2017-08-07T09:32:40","modified_gmt":"2017-08-07T12:32:40","slug":"las-importaciones-de-manufacturas-de-cuero-aumentaron-un-33-en-lo-que-va-del-ano","status":"publish","type":"post","link":"https:\/\/www.actualidadadiario.com\/index.php\/2017\/08\/07\/las-importaciones-de-manufacturas-de-cuero-aumentaron-un-33-en-lo-que-va-del-ano\/","title":{"rendered":"Las importaciones de manufacturas de cuero aumentaron un 33% en lo que va del a\u00f1o"},"content":{"rendered":"<p><em><strong>Seg\u00fan los datos de la C\u00e1mara Industrial de las Manufacturas del Cuero y Afines (CIMA), durante los primeros siete meses del a\u00f1o, ingresaron al pa\u00eds un 33.22 % m\u00e1s de unidades importadas respecto al mismo periodo del a\u00f1o 2016. La cifra representa 5.400.000 de productos importados m\u00e1s que el a\u00f1o anterior<\/strong><\/em><\/p>\n<p>&nbsp;<\/p>\n<p>&nbsp;<\/p>\n<p>&nbsp;<\/p>\n<p>&nbsp;<\/p>\n<p>A trav\u00e9s de un comunicado, Ariel Aguilar, presidente de CIMA manifest\u00f3 que &#8220;es preocupante tanto el aumento de importaciones como haber tomado la decisi\u00f3n pol\u00edtica de bajar la cantidad de canales rojos en aduana y la derogaci\u00f3n de aduanas especializadas. Estas medidas son parte de una l\u00f3gica pro importaci\u00f3n en desmedro de la producci\u00f3n y el trabajo nacional&#8221;. &#8220;Todo va en el mismo sentido de sumar a nuestro pa\u00eds a los tratados de libre comercio donde estamos destinados a ser solo proveedores de materias primas&#8221;, agreg\u00f3.<\/p>\n<p>&nbsp;<\/p>\n<p>El informe confirma adem\u00e1s que contin\u00faan maniobras de subfacturaci\u00f3n, dado que mientras aumentan las importaciones en unidades, medido en d\u00f3lares los ingresos del periodo Enero a Julio 2017 fueron un 16% menor. Es decir, u$s 11.660.000 menos que igual periodo del 2016. Esto perjudica no solo a los productores locales, sino tambi\u00e9n al Estado que deja de percibir los impuestos correspondientes. &#8220;El Estado tiene que actualizar los valores criterio para luchar contra estas maniobras de importadores inescrupulosos&#8221;, afirma Aguilar.<\/p>\n<p>&nbsp;<\/p>\n<p>Estos datos se dan en un contexto en el que el consumo del Sector arrastra una ca\u00edda de un 25% promedio en las ventas desde comienzo de a\u00f1o. En ese sentido, Aguilar reclam\u00f3 que &#8220;que se tomen medidas para reactivar el consumo ya que, si bien los n\u00fameros del Indec muestran alg\u00fan crecimiento en algunos sectores industriales m\u00e1s ligados a las multinacionales, no sucede lo mismo en sectores mano de obra intensiva como las manufacturas del cuero y afines, calzado, textil, \u00f3pticos que son sectores vitales por los puestos de trabajo que generan en el pa\u00eds&#8221;.<\/p>\n","protected":false},"excerpt":{"rendered":"<p>Seg\u00fan los datos de la C\u00e1mara Industrial de las Manufacturas del Cuero y Afines (CIMA), durante los primeros siete meses del a\u00f1o, ingresaron al pa\u00eds un 33.22 % m\u00e1s de unidades importadas respecto al mismo periodo del a\u00f1o 2016. La cifra representa 5.400.000 de productos importados m\u00e1s que el a\u00f1o anterior &nbsp; &nbsp; &nbsp; &nbsp; A trav\u00e9s de un comunicado, Ariel Aguilar, presidente de CIMA manifest\u00f3 que &#8220;es preocupante tanto el aumento de importaciones como haber tomado la decisi\u00f3n pol\u00edtica de bajar la cantidad de canales rojos en aduana y&#8230;<\/p>\n","protected":false},"author":3,"featured_media":15345,"comment_status":"closed","ping_status":"closed","sticky":false,"template":"","format":"standard","meta":[],"categories":[2],"tags":[],"_links":{"self":[{"href":"https:\/\/www.actualidadadiario.com\/index.php\/wp-json\/wp\/v2\/posts\/15344"}],"collection":[{"href":"https:\/\/www.actualidadadiario.com\/index.php\/wp-json\/wp\/v2\/posts"}],"about":[{"href":"https:\/\/www.actualidadadiario.com\/index.php\/wp-json\/wp\/v2\/types\/post"}],"author":[{"embeddable":true,"href":"https:\/\/www.actualidadadiario.com\/index.php\/wp-json\/wp\/v2\/users\/3"}],"replies":[{"embeddable":true,"href":"https:\/\/www.actualidadadiario.com\/index.php\/wp-json\/wp\/v2\/comments?post=15344"}],"version-history":[{"count":1,"href":"https:\/\/www.actualidadadiario.com\/index.php\/wp-json\/wp\/v2\/posts\/15344\/revisions"}],"predecessor-version":[{"id":15346,"href":"https:\/\/www.actualidadadiario.com\/index.php\/wp-json\/wp\/v2\/posts\/15344\/revisions\/15346"}],"wp:featuredmedia":[{"embeddable":true,"href":"https:\/\/www.actualidadadiario.com\/index.php\/wp-json\/wp\/v2\/media\/15345"}],"wp:attachment":[{"href":"https:\/\/www.actualidadadiario.com\/index.php\/wp-json\/wp\/v2\/media?parent=15344"}],"wp:term":[{"taxonomy":"category","embeddable":true,"href":"https:\/\/www.actualidadadiario.com\/index.php\/wp-json\/wp\/v2\/categories?post=15344"},{"taxonomy":"post_tag","embeddable":true,"href":"https:\/\/www.actualidadadiario.com\/index.php\/wp-json\/wp\/v2\/tags?post=15344"}],"curies":[{"name":"wp","href":"https:\/\/api.w.org\/{rel}","templated":true}]}}