{"id":15341,"date":"2017-08-07T09:32:01","date_gmt":"2017-08-07T12:32:01","guid":{"rendered":"http:\/\/actualidadadiario.com\/site\/?p=15341"},"modified":"2017-08-07T09:32:01","modified_gmt":"2017-08-07T12:32:01","slug":"las-ventas-minoristas-bajaron-un-16-en-julio-segun-la-came","status":"publish","type":"post","link":"https:\/\/www.actualidadadiario.com\/index.php\/2017\/08\/07\/las-ventas-minoristas-bajaron-un-16-en-julio-segun-la-came\/","title":{"rendered":"Las ventas minoristas bajaron un 1,6% en julio, seg\u00fan la CAME"},"content":{"rendered":"<p><em><strong>El sondeo indic\u00f3 tambi\u00e9n que en la comparaci\u00f3n con junio, las ventas crecieron un 0,8%, mientras alert\u00f3 que &#8220;se registr\u00f3 mucha disparidad entre comercios&#8221;<\/strong><\/em><\/p>\n<p>&nbsp;<\/p>\n<p>&nbsp;<\/p>\n<p>&nbsp;<\/p>\n<p>Las ventas de los comercios minoristas cayeron 1,6% en julio frente a igual mes del a\u00f1o pasado y acumularon as\u00ed una baja anual de 3% para los primeros siete meses del a\u00f1o, estim\u00f3 este domingo la Confederaci\u00f3n Argentina de la Mediana Empresa (CAME).<\/p>\n<p>&nbsp;<\/p>\n<p>El sondeo indic\u00f3 tambi\u00e9n que en la comparaci\u00f3n con junio, las ventas crecieron un 0,8%, mientras alert\u00f3 que &#8220;se registr\u00f3 mucha disparidad entre comercios&#8221;.<\/p>\n<p>&nbsp;<\/p>\n<p>Si la medici\u00f3n es realizada frente a julio de 2016, la baja fue de 1,6%, lo cual llev\u00f3 a una ca\u00edda acumulada de 3% entre enero y el mes pasado.<\/p>\n<p>&nbsp;<\/p>\n<p>Los datos de julio presentaron &#8220;gran variabilidad seg\u00fan la provincia, la ciudad o la zona donde se ubica el comercio&#8221;, consider\u00f3 el informe.<\/p>\n<p>&nbsp;<\/p>\n<p>&#8220;Algunos negocios comenzaron a recuperarse bien, pero otros todav\u00eda siguen cayendo&#8221;, evalu\u00f3 el presidente de la CAME, Fabi\u00e1n Tarr\u00edo.<\/p>\n","protected":false},"excerpt":{"rendered":"<p>El sondeo indic\u00f3 tambi\u00e9n que en la comparaci\u00f3n con junio, las ventas crecieron un 0,8%, mientras alert\u00f3 que &#8220;se registr\u00f3 mucha disparidad entre comercios&#8221; &nbsp; &nbsp; &nbsp; Las ventas de los comercios minoristas cayeron 1,6% en julio frente a igual mes del a\u00f1o pasado y acumularon as\u00ed una baja anual de 3% para los primeros siete meses del a\u00f1o, estim\u00f3 este domingo la Confederaci\u00f3n Argentina de la Mediana Empresa (CAME). &nbsp; El sondeo indic\u00f3 tambi\u00e9n que en la comparaci\u00f3n con junio, las ventas crecieron un 0,8%, mientras alert\u00f3 que &#8220;se&#8230;<\/p>\n","protected":false},"author":3,"featured_media":15342,"comment_status":"closed","ping_status":"closed","sticky":false,"template":"","format":"standard","meta":[],"categories":[2],"tags":[],"_links":{"self":[{"href":"https:\/\/www.actualidadadiario.com\/index.php\/wp-json\/wp\/v2\/posts\/15341"}],"collection":[{"href":"https:\/\/www.actualidadadiario.com\/index.php\/wp-json\/wp\/v2\/posts"}],"about":[{"href":"https:\/\/www.actualidadadiario.com\/index.php\/wp-json\/wp\/v2\/types\/post"}],"author":[{"embeddable":true,"href":"https:\/\/www.actualidadadiario.com\/index.php\/wp-json\/wp\/v2\/users\/3"}],"replies":[{"embeddable":true,"href":"https:\/\/www.actualidadadiario.com\/index.php\/wp-json\/wp\/v2\/comments?post=15341"}],"version-history":[{"count":1,"href":"https:\/\/www.actualidadadiario.com\/index.php\/wp-json\/wp\/v2\/posts\/15341\/revisions"}],"predecessor-version":[{"id":15343,"href":"https:\/\/www.actualidadadiario.com\/index.php\/wp-json\/wp\/v2\/posts\/15341\/revisions\/15343"}],"wp:featuredmedia":[{"embeddable":true,"href":"https:\/\/www.actualidadadiario.com\/index.php\/wp-json\/wp\/v2\/media\/15342"}],"wp:attachment":[{"href":"https:\/\/www.actualidadadiario.com\/index.php\/wp-json\/wp\/v2\/media?parent=15341"}],"wp:term":[{"taxonomy":"category","embeddable":true,"href":"https:\/\/www.actualidadadiario.com\/index.php\/wp-json\/wp\/v2\/categories?post=15341"},{"taxonomy":"post_tag","embeddable":true,"href":"https:\/\/www.actualidadadiario.com\/index.php\/wp-json\/wp\/v2\/tags?post=15341"}],"curies":[{"name":"wp","href":"https:\/\/api.w.org\/{rel}","templated":true}]}}