{"id":15338,"date":"2017-08-07T09:31:16","date_gmt":"2017-08-07T12:31:16","guid":{"rendered":"http:\/\/actualidadadiario.com\/site\/?p=15338"},"modified":"2017-08-07T09:31:16","modified_gmt":"2017-08-07T12:31:16","slug":"economistas-anticipan-que-habra-ajuste-tras-las-elecciones","status":"publish","type":"post","link":"https:\/\/www.actualidadadiario.com\/index.php\/2017\/08\/07\/economistas-anticipan-que-habra-ajuste-tras-las-elecciones\/","title":{"rendered":"Economistas anticipan que habr\u00e1 ajuste tras las elecciones"},"content":{"rendered":"<p><em><strong>Los economistas entienden que el Gobierno usar\u00e1 la tijera despu\u00e9s de las elecciones legislativas de octubre pr\u00f3ximo para reducir el d\u00e9ficit<\/strong><\/em><\/p>\n<p>&nbsp;<\/p>\n<p>&nbsp;<\/p>\n<p>&nbsp;<\/p>\n<p>Si bien el gobierno lo niega, la mayor\u00eda de los economistas considera que para bajar el d\u00e9ficit fiscal como prometi\u00f3 Mauricio Macri se deber\u00e1 reducir el gasto p\u00fablico, porque con el crecimiento y el consiguiente incremento de la recaudaci\u00f3n \u00fanicamente no alcanzar\u00e1.<\/p>\n<p>&nbsp;<\/p>\n<p>Uno de los principales interrogantes es determinar cu\u00e1les son los egresos en los que el Gobierno podr\u00eda usar la tijera, si se tiene en cuenta que buena parte de los gastos son inel\u00e1sticos y casi intocables, como los del sistema previsional y los salarios de empleados p\u00fablicos.<\/p>\n<p>&nbsp;<\/p>\n<p>El Poder Ejecutivo se propone cumplir con la ley de Responsabilidad Fiscal, por la cual el gasto corriente primario deber\u00eda mantenerse constante en t\u00e9rminos reales, para ir licuando el crecimiento del PBI y as\u00ed cumplir las metas fiscales.<\/p>\n<p>&nbsp;<\/p>\n<p>Para lograr el objetivo de d\u00e9ficit primario de 3,2% sobre el Producto Bruto en 2018 estar\u00e1 obligado a ajustar los rubros que no est\u00e1n indexados.<\/p>\n<p>&nbsp;<\/p>\n<p>Seg\u00fan un an\u00e1lisis del Estudio Bein, si la econom\u00eda creciera 3% el a\u00f1o que viene, alineado con las proyecciones del Gobierno, el gasto p\u00fablico deber\u00eda bajar 4,5% en t\u00e9rminos reales para cumplir con las metas fijadas.<\/p>\n","protected":false},"excerpt":{"rendered":"<p>Los economistas entienden que el Gobierno usar\u00e1 la tijera despu\u00e9s de las elecciones legislativas de octubre pr\u00f3ximo para reducir el d\u00e9ficit &nbsp; &nbsp; &nbsp; Si bien el gobierno lo niega, la mayor\u00eda de los economistas considera que para bajar el d\u00e9ficit fiscal como prometi\u00f3 Mauricio Macri se deber\u00e1 reducir el gasto p\u00fablico, porque con el crecimiento y el consiguiente incremento de la recaudaci\u00f3n \u00fanicamente no alcanzar\u00e1. &nbsp; Uno de los principales interrogantes es determinar cu\u00e1les son los egresos en los que el Gobierno podr\u00eda usar la tijera, si se tiene&#8230;<\/p>\n","protected":false},"author":3,"featured_media":15339,"comment_status":"closed","ping_status":"closed","sticky":false,"template":"","format":"standard","meta":[],"categories":[2],"tags":[],"_links":{"self":[{"href":"https:\/\/www.actualidadadiario.com\/index.php\/wp-json\/wp\/v2\/posts\/15338"}],"collection":[{"href":"https:\/\/www.actualidadadiario.com\/index.php\/wp-json\/wp\/v2\/posts"}],"about":[{"href":"https:\/\/www.actualidadadiario.com\/index.php\/wp-json\/wp\/v2\/types\/post"}],"author":[{"embeddable":true,"href":"https:\/\/www.actualidadadiario.com\/index.php\/wp-json\/wp\/v2\/users\/3"}],"replies":[{"embeddable":true,"href":"https:\/\/www.actualidadadiario.com\/index.php\/wp-json\/wp\/v2\/comments?post=15338"}],"version-history":[{"count":1,"href":"https:\/\/www.actualidadadiario.com\/index.php\/wp-json\/wp\/v2\/posts\/15338\/revisions"}],"predecessor-version":[{"id":15340,"href":"https:\/\/www.actualidadadiario.com\/index.php\/wp-json\/wp\/v2\/posts\/15338\/revisions\/15340"}],"wp:featuredmedia":[{"embeddable":true,"href":"https:\/\/www.actualidadadiario.com\/index.php\/wp-json\/wp\/v2\/media\/15339"}],"wp:attachment":[{"href":"https:\/\/www.actualidadadiario.com\/index.php\/wp-json\/wp\/v2\/media?parent=15338"}],"wp:term":[{"taxonomy":"category","embeddable":true,"href":"https:\/\/www.actualidadadiario.com\/index.php\/wp-json\/wp\/v2\/categories?post=15338"},{"taxonomy":"post_tag","embeddable":true,"href":"https:\/\/www.actualidadadiario.com\/index.php\/wp-json\/wp\/v2\/tags?post=15338"}],"curies":[{"name":"wp","href":"https:\/\/api.w.org\/{rel}","templated":true}]}}