{"id":15332,"date":"2017-08-07T09:29:34","date_gmt":"2017-08-07T12:29:34","guid":{"rendered":"http:\/\/actualidadadiario.com\/site\/?p=15332"},"modified":"2017-08-07T09:29:34","modified_gmt":"2017-08-07T12:29:34","slug":"cerro-una-estacion-de-servicio-de-parana-y-varias-personas-quedaron-sin-trabajo","status":"publish","type":"post","link":"https:\/\/www.actualidadadiario.com\/index.php\/2017\/08\/07\/cerro-una-estacion-de-servicio-de-parana-y-varias-personas-quedaron-sin-trabajo\/","title":{"rendered":"Cerr\u00f3 una estaci\u00f3n de servicio de Paran\u00e1 y varias personas quedaron sin trabajo"},"content":{"rendered":"<p><em><strong>Se trata de la Esso ubicada en la esquina de calle Cervantes y Buenos Aires. Un total de nueve empleados quedaron en la calle<\/strong><\/em><\/p>\n<p>&nbsp;<\/p>\n<p>&nbsp;<\/p>\n<p>&nbsp;<\/p>\n<p>Este lunes por la ma\u00f1ana, cerr\u00f3 la estaci\u00f3n de servicio Esso, ubicada en la esquina de calle Cervantes y Buenos Aires de Paran\u00e1, y de esta manera, nueve empleados se quedaron sin trabajo.<\/p>\n<p>&nbsp;<\/p>\n<p>Seg\u00fan informaron, este lunes por la ma\u00f1ana la estaci\u00f3n de servicio se encuentra vallada y en la puerta del minishop se coloc\u00f3 un cartel que anuncia que a partir de este lunes 7 de agosto, el lugar permanece cerrado y los expendedores no tienen combustible.<\/p>\n<p>&nbsp;<\/p>\n<p>Respecto a la situaci\u00f3n de los trabajadores, todos recibieron comunicados sobre la cesant\u00eda y esta semana habr\u00e1 una audiencia en el Ministerio de Trabajo.<\/p>\n<p>&nbsp;<\/p>\n<p>Seg\u00fan se indic\u00f3, desde hac\u00eda varios d\u00edas en la estaci\u00f3n hab\u00eda faltante de combustibles y los despidos habr\u00edan empezado a principios de a\u00f1o, ya que la empresa desde hac\u00eda tiempo trabajaba &#8220;a p\u00e9rdida&#8221;.<\/p>\n<p>&nbsp;<\/p>\n<p>Una trabajadora del lugar se\u00f1al\u00f3: &#8220;Cuando llegamos este lunes para el cambio de turno nos encontramos con la estaci\u00f3n cerrada. Ten\u00edamos una fotocopia del telegrama que no pod\u00edamos hacer nuestro servicio&#8221;.<\/p>\n<p>&nbsp;<\/p>\n<p>&#8220;Nos dejaron sin trabajo, no hemos cobrado el aguinaldo y ven\u00edamos con un mes de atraso en el pago de los sueldos&#8221;, explic\u00f3 la mujer y agreg\u00f3 que la estaci\u00f3n de servicio pertenece a la empresa Servicios del Lago SRL de C\u00f3rdoba.<\/p>\n<p>&nbsp;<\/p>\n<p>&#8220;Ahora tenemos que esperar para ver la liquidaci\u00f3n y salir a buscar trabajo&#8221;, cont\u00f3 la trabajadora y dio cuenta que entre los despedidos &#8220;hay tres chicos con 10 a\u00f1os de trabajo; dos compa\u00f1eras de dos a\u00f1os y otra de 6 a\u00f1os; todos tienen una edad promedio de 33 a\u00f1os&#8221;.<\/p>\n","protected":false},"excerpt":{"rendered":"<p>Se trata de la Esso ubicada en la esquina de calle Cervantes y Buenos Aires. Un total de nueve empleados quedaron en la calle &nbsp; &nbsp; &nbsp; Este lunes por la ma\u00f1ana, cerr\u00f3 la estaci\u00f3n de servicio Esso, ubicada en la esquina de calle Cervantes y Buenos Aires de Paran\u00e1, y de esta manera, nueve empleados se quedaron sin trabajo. &nbsp; Seg\u00fan informaron, este lunes por la ma\u00f1ana la estaci\u00f3n de servicio se encuentra vallada y en la puerta del minishop se coloc\u00f3 un cartel que anuncia que a partir&#8230;<\/p>\n","protected":false},"author":3,"featured_media":15333,"comment_status":"closed","ping_status":"closed","sticky":false,"template":"","format":"standard","meta":[],"categories":[15],"tags":[],"_links":{"self":[{"href":"https:\/\/www.actualidadadiario.com\/index.php\/wp-json\/wp\/v2\/posts\/15332"}],"collection":[{"href":"https:\/\/www.actualidadadiario.com\/index.php\/wp-json\/wp\/v2\/posts"}],"about":[{"href":"https:\/\/www.actualidadadiario.com\/index.php\/wp-json\/wp\/v2\/types\/post"}],"author":[{"embeddable":true,"href":"https:\/\/www.actualidadadiario.com\/index.php\/wp-json\/wp\/v2\/users\/3"}],"replies":[{"embeddable":true,"href":"https:\/\/www.actualidadadiario.com\/index.php\/wp-json\/wp\/v2\/comments?post=15332"}],"version-history":[{"count":1,"href":"https:\/\/www.actualidadadiario.com\/index.php\/wp-json\/wp\/v2\/posts\/15332\/revisions"}],"predecessor-version":[{"id":15334,"href":"https:\/\/www.actualidadadiario.com\/index.php\/wp-json\/wp\/v2\/posts\/15332\/revisions\/15334"}],"wp:featuredmedia":[{"embeddable":true,"href":"https:\/\/www.actualidadadiario.com\/index.php\/wp-json\/wp\/v2\/media\/15333"}],"wp:attachment":[{"href":"https:\/\/www.actualidadadiario.com\/index.php\/wp-json\/wp\/v2\/media?parent=15332"}],"wp:term":[{"taxonomy":"category","embeddable":true,"href":"https:\/\/www.actualidadadiario.com\/index.php\/wp-json\/wp\/v2\/categories?post=15332"},{"taxonomy":"post_tag","embeddable":true,"href":"https:\/\/www.actualidadadiario.com\/index.php\/wp-json\/wp\/v2\/tags?post=15332"}],"curies":[{"name":"wp","href":"https:\/\/api.w.org\/{rel}","templated":true}]}}