{"id":15330,"date":"2017-08-07T09:28:44","date_gmt":"2017-08-07T12:28:44","guid":{"rendered":"http:\/\/actualidadadiario.com\/site\/?p=15330"},"modified":"2017-08-07T09:28:44","modified_gmt":"2017-08-07T12:28:44","slug":"mas-de-un-millon-de-personas-estan-habilitadas-para-votar-en-la-provincia","status":"publish","type":"post","link":"https:\/\/www.actualidadadiario.com\/index.php\/2017\/08\/07\/mas-de-un-millon-de-personas-estan-habilitadas-para-votar-en-la-provincia\/","title":{"rendered":"M\u00e1s de un mill\u00f3n de personas est\u00e1n habilitadas para votar en la provincia"},"content":{"rendered":"<p><em><strong>En Entre R\u00edos se encuentra habilitadas 1076914 personas para votar en las pr\u00f3ximas elecciones legislativas, seg\u00fan inform\u00f3 la Secretar\u00eda Nacional Electoral<\/strong><\/em><\/p>\n<p>&nbsp;<\/p>\n<p>&nbsp;<\/p>\n<p>&nbsp;<\/p>\n<p>Seg\u00fan los datos suministrados, el siguiente es el detalle por departamento:<\/p>\n<p>&nbsp;<\/p>\n<p><strong>Paran\u00e1:<\/strong> 301.385<\/p>\n<p>&nbsp;<\/p>\n<p><strong>Concordia:<\/strong> 141.372<\/p>\n<p>&nbsp;<\/p>\n<p><strong>Gualeguaych\u00fa:<\/strong> 96.400<\/p>\n<p>&nbsp;<\/p>\n<p><strong>Uruguay:<\/strong> 86.581<\/p>\n<p>&nbsp;<\/p>\n<p><strong>Federaci\u00f3n:<\/strong> 58.955<\/p>\n<p>&nbsp;<\/p>\n<p><strong>La Paz:<\/strong> 57.956<\/p>\n<p>&nbsp;<\/p>\n<p><strong>Col\u00f3n:<\/strong> 55.358<\/p>\n<p>&nbsp;<\/p>\n<p><strong>Gualeguay:<\/strong> 45.645<\/p>\n<p>&nbsp;<\/p>\n<p><strong>Villaguay:<\/strong> 41.298<\/p>\n<p>&nbsp;<\/p>\n<p><strong>Diamante:<\/strong> 41.022<\/p>\n<p>&nbsp;<\/p>\n<p><strong>Nogoy\u00e1:<\/strong> 33.175<\/p>\n<p>&nbsp;<\/p>\n<p><strong>Victoria:<\/strong> 31.162<\/p>\n<p>&nbsp;<\/p>\n<p><strong>Tala:<\/strong> 23.574<\/p>\n<p>&nbsp;<\/p>\n<p><strong>Federal:<\/strong> 23.025<\/p>\n<p>&nbsp;<\/p>\n<p><strong>San Salvador:<\/strong> 15.812<\/p>\n<p>&nbsp;<\/p>\n<p><strong>Feliciano<\/strong>: 12.785<\/p>\n<p>&nbsp;<\/p>\n<p><strong>Islas del Ibicuy:<\/strong> 11.409<\/p>\n<p>&nbsp;<\/p>\n<p>El total es de 1.076.914 personas en toda la provincia.<\/p>\n","protected":false},"excerpt":{"rendered":"<p>En Entre R\u00edos se encuentra habilitadas 1076914 personas para votar en las pr\u00f3ximas elecciones legislativas, seg\u00fan inform\u00f3 la Secretar\u00eda Nacional Electoral &nbsp; &nbsp; &nbsp; Seg\u00fan los datos suministrados, el siguiente es el detalle por departamento: &nbsp; Paran\u00e1: 301.385 &nbsp; Concordia: 141.372 &nbsp; Gualeguaych\u00fa: 96.400 &nbsp; Uruguay: 86.581 &nbsp; Federaci\u00f3n: 58.955 &nbsp; La Paz: 57.956 &nbsp; Col\u00f3n: 55.358 &nbsp; Gualeguay: 45.645 &nbsp; Villaguay: 41.298 &nbsp; Diamante: 41.022 &nbsp; Nogoy\u00e1: 33.175 &nbsp; Victoria: 31.162 &nbsp; Tala: 23.574 &nbsp; Federal: 23.025 &nbsp; San Salvador: 15.812 &nbsp; Feliciano: 12.785 &nbsp; Islas del Ibicuy: 11.409&#8230;<\/p>\n","protected":false},"author":3,"featured_media":14989,"comment_status":"closed","ping_status":"closed","sticky":false,"template":"","format":"standard","meta":[],"categories":[15],"tags":[],"_links":{"self":[{"href":"https:\/\/www.actualidadadiario.com\/index.php\/wp-json\/wp\/v2\/posts\/15330"}],"collection":[{"href":"https:\/\/www.actualidadadiario.com\/index.php\/wp-json\/wp\/v2\/posts"}],"about":[{"href":"https:\/\/www.actualidadadiario.com\/index.php\/wp-json\/wp\/v2\/types\/post"}],"author":[{"embeddable":true,"href":"https:\/\/www.actualidadadiario.com\/index.php\/wp-json\/wp\/v2\/users\/3"}],"replies":[{"embeddable":true,"href":"https:\/\/www.actualidadadiario.com\/index.php\/wp-json\/wp\/v2\/comments?post=15330"}],"version-history":[{"count":1,"href":"https:\/\/www.actualidadadiario.com\/index.php\/wp-json\/wp\/v2\/posts\/15330\/revisions"}],"predecessor-version":[{"id":15331,"href":"https:\/\/www.actualidadadiario.com\/index.php\/wp-json\/wp\/v2\/posts\/15330\/revisions\/15331"}],"wp:featuredmedia":[{"embeddable":true,"href":"https:\/\/www.actualidadadiario.com\/index.php\/wp-json\/wp\/v2\/media\/14989"}],"wp:attachment":[{"href":"https:\/\/www.actualidadadiario.com\/index.php\/wp-json\/wp\/v2\/media?parent=15330"}],"wp:term":[{"taxonomy":"category","embeddable":true,"href":"https:\/\/www.actualidadadiario.com\/index.php\/wp-json\/wp\/v2\/categories?post=15330"},{"taxonomy":"post_tag","embeddable":true,"href":"https:\/\/www.actualidadadiario.com\/index.php\/wp-json\/wp\/v2\/tags?post=15330"}],"curies":[{"name":"wp","href":"https:\/\/api.w.org\/{rel}","templated":true}]}}