{"id":15318,"date":"2017-08-04T09:35:43","date_gmt":"2017-08-04T12:35:43","guid":{"rendered":"http:\/\/actualidadadiario.com\/site\/?p=15318"},"modified":"2017-08-04T09:35:43","modified_gmt":"2017-08-04T12:35:43","slug":"correa-durisimo-con-su-sucesor-el-cinismo-traicion-y-mediocridad-seran-efimeros","status":"publish","type":"post","link":"https:\/\/www.actualidadadiario.com\/index.php\/2017\/08\/04\/correa-durisimo-con-su-sucesor-el-cinismo-traicion-y-mediocridad-seran-efimeros\/","title":{"rendered":"Correa, dur\u00edsimo con su sucesor: &#8220;El cinismo, traici\u00f3n y mediocridad ser\u00e1n ef\u00edmeros&#8221;"},"content":{"rendered":"<p><em><strong>El ex presidente de Ecuador denunci\u00f3 que el actual mandatario, a quien apoy\u00f3 para que llegara al poder, propone &#8220;el regreso de la corrupci\u00f3n generalizada y del viejo pa\u00eds&#8221;<\/strong><\/em><\/p>\n<p>&nbsp;<\/p>\n<p>&nbsp;<\/p>\n<p>Rafael Correa advirti\u00f3 sobre el riesgo de perder &#8220;nuestra esencia, nuestra raz\u00f3n de ser&#8221;, en relaci\u00f3n a la Revoluci\u00f3n Ciudadana, si se permite &#8220;el regreso de la corrupci\u00f3n institucionalizada y del viejo pa\u00eds&#8221;.<\/p>\n<p>&nbsp;<\/p>\n<p>\u201cSi callamos ante la entrega de las el\u00e9ctricas a los Bucaram, y permitimos el regreso de la corrupci\u00f3n institucionalizada y del viejo pa\u00eds, habremos perdido nuestra esencia, nuestra raz\u00f3n de ser. Lo habremos perdido todo\u201d, dijo el ex presidente ecuatoriano en las redes sociales.<\/p>\n<p>&nbsp;<\/p>\n<p>Se refer\u00eda a las recientes acciones del gobierno encabezado por su sucesor, Len\u00edn Moreno, quien habr\u00eda entregado a otro ex presidente, Abdal\u00e1 Bucaram Ortiz (que volvi\u00f3 el mes pasado a Ecuador tras 20 a\u00f1os de autoexilio), y a su hijo Abdal\u00e1 Bucaram Pulley, la Corporaci\u00f3n Nacional de Electricidad (CNEL).<\/p>\n<p>&nbsp;<\/p>\n<p>El &#8220;pacto&#8221; de Moreno con los Bucaram fue rechazado por Correa y por el actual vicepresidente Jorge Glas, quien emiti\u00f3 un comunicado criticando las decisiones del mandatario ecuatoriano. Esto llev\u00f3 a que Moreno le retirara sus funciones asignadas, lo cual no le permite ejercer su cargo, aunque no est\u00e1 destituido.<\/p>\n<p>&nbsp;<\/p>\n<p>Correa hizo un llamado a la militancia de Alianza PAIS a mantener la lucha. &#8220;\u00a1\u00c1nimo! El cinismo, traici\u00f3n y mediocridad ser\u00e1n ef\u00edmeros. No les tenemos miedo&#8221;, afirm\u00f3.<\/p>\n","protected":false},"excerpt":{"rendered":"<p>El ex presidente de Ecuador denunci\u00f3 que el actual mandatario, a quien apoy\u00f3 para que llegara al poder, propone &#8220;el regreso de la corrupci\u00f3n generalizada y del viejo pa\u00eds&#8221; &nbsp; &nbsp; Rafael Correa advirti\u00f3 sobre el riesgo de perder &#8220;nuestra esencia, nuestra raz\u00f3n de ser&#8221;, en relaci\u00f3n a la Revoluci\u00f3n Ciudadana, si se permite &#8220;el regreso de la corrupci\u00f3n institucionalizada y del viejo pa\u00eds&#8221;. &nbsp; \u201cSi callamos ante la entrega de las el\u00e9ctricas a los Bucaram, y permitimos el regreso de la corrupci\u00f3n institucionalizada y del viejo pa\u00eds, habremos perdido&#8230;<\/p>\n","protected":false},"author":3,"featured_media":15319,"comment_status":"closed","ping_status":"closed","sticky":false,"template":"","format":"standard","meta":[],"categories":[4],"tags":[],"_links":{"self":[{"href":"https:\/\/www.actualidadadiario.com\/index.php\/wp-json\/wp\/v2\/posts\/15318"}],"collection":[{"href":"https:\/\/www.actualidadadiario.com\/index.php\/wp-json\/wp\/v2\/posts"}],"about":[{"href":"https:\/\/www.actualidadadiario.com\/index.php\/wp-json\/wp\/v2\/types\/post"}],"author":[{"embeddable":true,"href":"https:\/\/www.actualidadadiario.com\/index.php\/wp-json\/wp\/v2\/users\/3"}],"replies":[{"embeddable":true,"href":"https:\/\/www.actualidadadiario.com\/index.php\/wp-json\/wp\/v2\/comments?post=15318"}],"version-history":[{"count":1,"href":"https:\/\/www.actualidadadiario.com\/index.php\/wp-json\/wp\/v2\/posts\/15318\/revisions"}],"predecessor-version":[{"id":15320,"href":"https:\/\/www.actualidadadiario.com\/index.php\/wp-json\/wp\/v2\/posts\/15318\/revisions\/15320"}],"wp:featuredmedia":[{"embeddable":true,"href":"https:\/\/www.actualidadadiario.com\/index.php\/wp-json\/wp\/v2\/media\/15319"}],"wp:attachment":[{"href":"https:\/\/www.actualidadadiario.com\/index.php\/wp-json\/wp\/v2\/media?parent=15318"}],"wp:term":[{"taxonomy":"category","embeddable":true,"href":"https:\/\/www.actualidadadiario.com\/index.php\/wp-json\/wp\/v2\/categories?post=15318"},{"taxonomy":"post_tag","embeddable":true,"href":"https:\/\/www.actualidadadiario.com\/index.php\/wp-json\/wp\/v2\/tags?post=15318"}],"curies":[{"name":"wp","href":"https:\/\/api.w.org\/{rel}","templated":true}]}}