{"id":15308,"date":"2017-08-04T09:32:02","date_gmt":"2017-08-04T12:32:02","guid":{"rendered":"http:\/\/actualidadadiario.com\/site\/?p=15308"},"modified":"2017-08-04T09:32:02","modified_gmt":"2017-08-04T12:32:02","slug":"el-gobierno-no-quiere-una-reforma-previsional-sino-un-recorte-jubilatorio","status":"publish","type":"post","link":"https:\/\/www.actualidadadiario.com\/index.php\/2017\/08\/04\/el-gobierno-no-quiere-una-reforma-previsional-sino-un-recorte-jubilatorio\/","title":{"rendered":"&#8220;El Gobierno no quiere una reforma previsional sino un recorte jubilatorio&#8221;"},"content":{"rendered":"<p><em><strong>La ex presidenta\u00a0y precandidata a senadora Cristina de Kirchner advirti\u00f3 que el Gobierno de Mauricio Macri est\u00e1 &#8220;dando un manotazo a la caja de los jubilados&#8221; ante &#8220;la ca\u00edda del consumo y de la recaudaci\u00f3n&#8221; y sostuvo que &#8220;van a tener que escuchar cuando el pueblo se pronuncie&#8221; en las pr\u00f3ximas elecciones<\/strong><\/em><\/p>\n<p>&nbsp;<\/p>\n<p>&nbsp;<\/p>\n<p>&nbsp;<\/p>\n<p>&nbsp;<\/p>\n<p>&#8220;Me preocupa ahora frente a la ca\u00edda del consumo y la recaudaci\u00f3n quieran manotear la caja de los jubilados. Que achiquen la torta de los jubilados, que recorten los ingresos de estos fondos&#8230; Porque lo que est\u00e1n haciendo es dar un manotazo a la caja de los jubilados y esto va a impactar muy negativamente en el consumo&#8221;, sostuvo.<\/p>\n<p>&nbsp;<\/p>\n<p>Durante una visita a un centro de jubilados en Lomas de Zamora, la exmandataria insisti\u00f3: &#8220;Esa plata que gastaban los jubilados es plata que vuelve al circuito con recaudaci\u00f3n para el propio Estado que la vuelve a invertir. Porque los fondos que uno vuelca al consumo vuelve en riqueza y en actividad comercial&#8221;.<\/p>\n<p>&nbsp;<\/p>\n<p>&#8220;Ustedes me dan mucha fuerza y esperanzas. Y esa fuerza est\u00e1 en ese voto. Yo no soy m\u00e1s que el veh\u00edculo de esa voz. Hemos puesto nuestros o\u00eddos, nuestra cabeza y coraz\u00f3n y van a tener que escuchar cuando el pueblo se pronuncie, porque nadie quiere que le vaya mal al Gobierno, sino que dejen de hacer mal las cosas que es mucho m\u00e1s sencillo&#8221;, apunt\u00f3 la precandidata de Unidad Ciudadana.<\/p>\n<p>&nbsp;<\/p>\n<p>En el Centro de Jubilados y Pensionados &#8220;Dame tu Mano&#8221; de Lomas de Zamora y acompa\u00f1ada por el intendente Mart\u00edn Insaurralde, la expresidenta le reclam\u00f3 adem\u00e1s al Gobierno que &#8220;recuerde que, adem\u00e1s que uno de los sectores que hist\u00f3ricamente siempre ha sufrido m\u00e1s en nuestro pa\u00eds son los jubilados&#8221;.<\/p>\n<p>&nbsp;<\/p>\n<p>&#8220;El Gobierno no quiere una reforma previsional. Quiere un recorte jubilatorio. Hay que frenar este recorte y los cambios en la edad jubilatoria&#8221;, dijo Cristina poco antes a trav\u00e9s de su cuenta en la red social Facebook, el mismo d\u00eda que se dio a conocer el nuevo spot de Unidad Ciudadana sobre el tema.<\/p>\n<p>&nbsp;<\/p>\n<p>Y, una vez ante ellos en Lomas de Zamora, Cristina advirti\u00f3 sobre &#8220;lo que est\u00e1 pasando con los medicamentos, con la plata que no alcanza, que nadie llega a fin de mes, el maltrato en los bancos, el PAMI con los turnos y el enga\u00f1o tambi\u00e9n de lo que fue la Reparaci\u00f3n Hist\u00f3rica que en realidad fue el Caballo de Troya&#8221;.<\/p>\n<p>&nbsp;<\/p>\n<p>&#8220;Ahora est\u00e1n hablando de una nueva reforma previsional y en realidad se est\u00e1 viniendo un recorte jubilatorio. Porque la plata de todos los jubilados viene de ese fondo que se compone en un 43% de lo que aportan todos los trabajadores en actividad y los empleadores y el otro 57% de los impuestos de ganancias, combustible e IVA. Lo que quieren es sacar que los impuestos de IVA, ganancias y combustibles ya no integren ese fondo para los jubilados, por eso est\u00e1n hablando de que sea sustentable. Pero sustentabilidad se la van a tener que dar los propios trabajadores con los aportes, por lo cual va a ser m\u00e1s chica la torta&#8221;, se\u00f1al\u00f3.<\/p>\n<p>&nbsp;<\/p>\n<p>En este camino, Cristina Kirchner dijo que &#8220;uno piensa c\u00f3mo se puede detener todo esto&#8221; y apunt\u00f3: &#8220;Vamos a cortar de una buena vez, como hacemos en democracia, cuando no estamos de acuerdo con las cosas&#8221; que hace el Gobierno.<\/p>\n","protected":false},"excerpt":{"rendered":"<p>La ex presidenta\u00a0y precandidata a senadora Cristina de Kirchner advirti\u00f3 que el Gobierno de Mauricio Macri est\u00e1 &#8220;dando un manotazo a la caja de los jubilados&#8221; ante &#8220;la ca\u00edda del consumo y de la recaudaci\u00f3n&#8221; y sostuvo que &#8220;van a tener que escuchar cuando el pueblo se pronuncie&#8221; en las pr\u00f3ximas elecciones &nbsp; &nbsp; &nbsp; &nbsp; &#8220;Me preocupa ahora frente a la ca\u00edda del consumo y la recaudaci\u00f3n quieran manotear la caja de los jubilados. Que achiquen la torta de los jubilados, que recorten los ingresos de estos fondos&#8230; Porque&#8230;<\/p>\n","protected":false},"author":3,"featured_media":15309,"comment_status":"closed","ping_status":"closed","sticky":false,"template":"","format":"standard","meta":[],"categories":[9,18],"tags":[],"_links":{"self":[{"href":"https:\/\/www.actualidadadiario.com\/index.php\/wp-json\/wp\/v2\/posts\/15308"}],"collection":[{"href":"https:\/\/www.actualidadadiario.com\/index.php\/wp-json\/wp\/v2\/posts"}],"about":[{"href":"https:\/\/www.actualidadadiario.com\/index.php\/wp-json\/wp\/v2\/types\/post"}],"author":[{"embeddable":true,"href":"https:\/\/www.actualidadadiario.com\/index.php\/wp-json\/wp\/v2\/users\/3"}],"replies":[{"embeddable":true,"href":"https:\/\/www.actualidadadiario.com\/index.php\/wp-json\/wp\/v2\/comments?post=15308"}],"version-history":[{"count":1,"href":"https:\/\/www.actualidadadiario.com\/index.php\/wp-json\/wp\/v2\/posts\/15308\/revisions"}],"predecessor-version":[{"id":15310,"href":"https:\/\/www.actualidadadiario.com\/index.php\/wp-json\/wp\/v2\/posts\/15308\/revisions\/15310"}],"wp:featuredmedia":[{"embeddable":true,"href":"https:\/\/www.actualidadadiario.com\/index.php\/wp-json\/wp\/v2\/media\/15309"}],"wp:attachment":[{"href":"https:\/\/www.actualidadadiario.com\/index.php\/wp-json\/wp\/v2\/media?parent=15308"}],"wp:term":[{"taxonomy":"category","embeddable":true,"href":"https:\/\/www.actualidadadiario.com\/index.php\/wp-json\/wp\/v2\/categories?post=15308"},{"taxonomy":"post_tag","embeddable":true,"href":"https:\/\/www.actualidadadiario.com\/index.php\/wp-json\/wp\/v2\/tags?post=15308"}],"curies":[{"name":"wp","href":"https:\/\/api.w.org\/{rel}","templated":true}]}}