{"id":15306,"date":"2017-08-04T09:31:10","date_gmt":"2017-08-04T12:31:10","guid":{"rendered":"http:\/\/actualidadadiario.com\/site\/?p=15306"},"modified":"2017-08-04T09:32:45","modified_gmt":"2017-08-04T12:32:45","slug":"la-justicia-de-jujuy-ya-analiza-el-caso-de-sala-seria-inminente-su-liberacion","status":"publish","type":"post","link":"https:\/\/www.actualidadadiario.com\/index.php\/2017\/08\/04\/la-justicia-de-jujuy-ya-analiza-el-caso-de-sala-seria-inminente-su-liberacion\/","title":{"rendered":"La Justicia de Jujuy ya analiza el caso de Sala: ser\u00eda inminente su liberaci\u00f3n"},"content":{"rendered":"<p><em><strong>El Poder Judicial de Jujuy inform\u00f3 que el Gobierno le remiti\u00f3 la resoluci\u00f3n de la CIDH que reclama la salida de prisi\u00f3n de la presa pol\u00edtica<\/strong><\/em><\/p>\n<p>&nbsp;<\/p>\n<p>&nbsp;<\/p>\n<p>&nbsp;<\/p>\n<p>El Poder Judicial de Jujuy inform\u00f3 este jueves que el gobierno le remiti\u00f3 la resoluci\u00f3n de la Comisi\u00f3n Interamericana de Derechos Humanos (CIDH) que reclama la salida de prisi\u00f3n de la dirigente Milagro Sala.<\/p>\n<p>&nbsp;<\/p>\n<p>Lo hizo junto con el decreto en el que el gobernador Gerardo Morales destac\u00f3 su &#8220;vocaci\u00f3n de acompa\u00f1ar&#8221; los &#8220;procesos&#8221; internacionales que impliquen &#8220;respeto a los derechos humanos&#8221;.<\/p>\n<p>&nbsp;<\/p>\n<p>En un comunicado, el Superior Tribunal de Justicia inform\u00f3 que ayer &#8220;recibi\u00f3&#8221; la &#8220;Resoluci\u00f3n n\u00famero 23\/2017&#8221; de la CIDH &#8220;en relaci\u00f3n a la medida cautelar n\u00famero 25\/2016 solicitada en favor de Milagro Sala&#8221;. Adem\u00e1s, dijo, el Poder Ejecutivo remiti\u00f3 al m\u00e1ximo tribunal el decreto 4448, con fecha de ayer, &#8220;por el cual se pone en conocimiento del Poder Judicial&#8221; la resoluci\u00f3n del organismo internacional para que &#8220;se consideren los requerimientos establecidos en la misma&#8221;.<\/p>\n<p>&nbsp;<\/p>\n<p>Esta ma\u00f1ana, el diario P\u00e1gina 12 public\u00f3 una entrevista a Sala, donde la dirigente social asegura que &#8220;uno de los jefes del Servicio Penitenciario se le acerc\u00f3 a decirle que el final de su estad\u00eda en el penal es inminente&#8221;.<\/p>\n<p>&nbsp;<\/p>\n<p>Morales, inform\u00f3 la Justicia, en el decreto que lleva su firma record\u00f3 que la Argentina &#8220;es estado miembro de la Organizaci\u00f3n de los Estados Americanos&#8221; y &#8220;que la Convenci\u00f3n sobre Derechos Humanos posee jerarqu\u00eda constitucional&#8221;.<\/p>\n<p>&nbsp;<\/p>\n<p>&#8220;El Gobierno de la Provincia de Jujuy tiene la vocaci\u00f3n de acompa\u00f1ar con firme convicci\u00f3n todas las acciones y procesos nacionales e internacionales tendientes al respeto de los derechos humanos en plena dimensi\u00f3n jur\u00eddica, social y econ\u00f3mica&#8221;, manifest\u00f3.<\/p>\n<p>&nbsp;<\/p>\n<p>Morales ratific\u00f3 en su decreto que &#8220;de ninguna manera reconoce&#8221; las &#8220;situaciones de gravedad o urgencia o riesgos de da\u00f1os irreparables a la vida e integridad&#8221; de Sala en prisi\u00f3n.<\/p>\n<p>&nbsp;<\/p>\n<p>Finalmente, el gobernador sostuvo que es &#8220;competencia exclusiva del Poder Judicial&#8221; considerar &#8220;los requerimientos&#8221; del organismo internacional.<\/p>\n","protected":false},"excerpt":{"rendered":"<p>El Poder Judicial de Jujuy inform\u00f3 que el Gobierno le remiti\u00f3 la resoluci\u00f3n de la CIDH que reclama la salida de prisi\u00f3n de la presa pol\u00edtica &nbsp; &nbsp; &nbsp; El Poder Judicial de Jujuy inform\u00f3 este jueves que el gobierno le remiti\u00f3 la resoluci\u00f3n de la Comisi\u00f3n Interamericana de Derechos Humanos (CIDH) que reclama la salida de prisi\u00f3n de la dirigente Milagro Sala. &nbsp; Lo hizo junto con el decreto en el que el gobernador Gerardo Morales destac\u00f3 su &#8220;vocaci\u00f3n de acompa\u00f1ar&#8221; los &#8220;procesos&#8221; internacionales que impliquen &#8220;respeto a los&#8230;<\/p>\n","protected":false},"author":3,"featured_media":15016,"comment_status":"closed","ping_status":"closed","sticky":false,"template":"","format":"standard","meta":[],"categories":[9],"tags":[],"_links":{"self":[{"href":"https:\/\/www.actualidadadiario.com\/index.php\/wp-json\/wp\/v2\/posts\/15306"}],"collection":[{"href":"https:\/\/www.actualidadadiario.com\/index.php\/wp-json\/wp\/v2\/posts"}],"about":[{"href":"https:\/\/www.actualidadadiario.com\/index.php\/wp-json\/wp\/v2\/types\/post"}],"author":[{"embeddable":true,"href":"https:\/\/www.actualidadadiario.com\/index.php\/wp-json\/wp\/v2\/users\/3"}],"replies":[{"embeddable":true,"href":"https:\/\/www.actualidadadiario.com\/index.php\/wp-json\/wp\/v2\/comments?post=15306"}],"version-history":[{"count":1,"href":"https:\/\/www.actualidadadiario.com\/index.php\/wp-json\/wp\/v2\/posts\/15306\/revisions"}],"predecessor-version":[{"id":15307,"href":"https:\/\/www.actualidadadiario.com\/index.php\/wp-json\/wp\/v2\/posts\/15306\/revisions\/15307"}],"wp:featuredmedia":[{"embeddable":true,"href":"https:\/\/www.actualidadadiario.com\/index.php\/wp-json\/wp\/v2\/media\/15016"}],"wp:attachment":[{"href":"https:\/\/www.actualidadadiario.com\/index.php\/wp-json\/wp\/v2\/media?parent=15306"}],"wp:term":[{"taxonomy":"category","embeddable":true,"href":"https:\/\/www.actualidadadiario.com\/index.php\/wp-json\/wp\/v2\/categories?post=15306"},{"taxonomy":"post_tag","embeddable":true,"href":"https:\/\/www.actualidadadiario.com\/index.php\/wp-json\/wp\/v2\/tags?post=15306"}],"curies":[{"name":"wp","href":"https:\/\/api.w.org\/{rel}","templated":true}]}}