{"id":15303,"date":"2017-08-04T09:30:20","date_gmt":"2017-08-04T12:30:20","guid":{"rendered":"http:\/\/actualidadadiario.com\/site\/?p=15303"},"modified":"2017-08-04T09:33:02","modified_gmt":"2017-08-04T12:33:02","slug":"macri-insiste-en-que-la-corte-deberia-tener-en-cuenta-el-reclamo-de-vidal-por-los-fondos","status":"publish","type":"post","link":"https:\/\/www.actualidadadiario.com\/index.php\/2017\/08\/04\/macri-insiste-en-que-la-corte-deberia-tener-en-cuenta-el-reclamo-de-vidal-por-los-fondos\/","title":{"rendered":"Macri insiste en que la Corte &#8220;deber\u00eda tener en cuenta el reclamo&#8221; de Vidal por los fondos"},"content":{"rendered":"<p><em><strong>Mientras los gobernadores peronistas estaban reunidos para delinear la estrategia ante la Corte por los Fondos del Conurbano, el presidente Mauricio Macri respald\u00f3 a la gobernadora Mar\u00eda Eugenia Vidal en el marco de la causa iniciada por el fondo y remarc\u00f3 que la Provincia de Buenos Aires es la &#8220;m\u00e1s perjudicada en todos estos a\u00f1os&#8221; por su &#8220;incorrecta aplicaci\u00f3n&#8221;<\/strong><\/em><\/p>\n<p>&nbsp;<\/p>\n<p>&nbsp;<\/p>\n<p>&nbsp;<\/p>\n<p>&nbsp;<\/p>\n<p>&#8220;La Corte deber\u00eda tener en cuenta el reclamo porque es bastante claro que el m\u00e1s perjudicado en todos estos a\u00f1os por la incorrecta aplicaci\u00f3n del Fondo del Conurbano es la provincia de Buenos Aires&#8221;, sostuvo Macri en declaraciones a Radio Brisas de Mar del Plata.<\/p>\n<p>&nbsp;<\/p>\n<p>En la misma jornada en la que los gobernadores peronistas se reunieron en el centro porte\u00f1o para trazar una estrategia com\u00fan contra la demanda de Buenos Aires para percibir mayores recursos en materia de coparticipaci\u00f3n, el Presidente dijo incluso que Vidal hizo su presentaci\u00f3n porque es &#8220;la primera gobernadora que no especula y que defiende a los bonaerenses&#8221;.<\/p>\n<p>&nbsp;<\/p>\n<p>Macri agreg\u00f3, al respecto, que &#8220;llama la atenci\u00f3n que hayan pasado varios gobernadores y ninguno hizo este reclamo&#8221; sobre algo que es &#8220;bastante distorsionante&#8221;.<\/p>\n<p>&nbsp;<\/p>\n<p>La provincia de Buenos Aires promovi\u00f3 en agosto del a\u00f1o pasado una demanda contra el Estado Nacional, a fin de que se declare la inconstitucionalidad de una cl\u00e1usula de la Ley de Impuesto a las Ganancias que establece un tope de 650 millones de pesos anuales en la participaci\u00f3n del 10 por ciento que la Provincia tiene en el producto del gravamen con destino al llamado &#8220;Fondo del Conurbano Bonaerense&#8221;.<\/p>\n","protected":false},"excerpt":{"rendered":"<p>Mientras los gobernadores peronistas estaban reunidos para delinear la estrategia ante la Corte por los Fondos del Conurbano, el presidente Mauricio Macri respald\u00f3 a la gobernadora Mar\u00eda Eugenia Vidal en el marco de la causa iniciada por el fondo y remarc\u00f3 que la Provincia de Buenos Aires es la &#8220;m\u00e1s perjudicada en todos estos a\u00f1os&#8221; por su &#8220;incorrecta aplicaci\u00f3n&#8221; &nbsp; &nbsp; &nbsp; &nbsp; &#8220;La Corte deber\u00eda tener en cuenta el reclamo porque es bastante claro que el m\u00e1s perjudicado en todos estos a\u00f1os por la incorrecta aplicaci\u00f3n del Fondo del&#8230;<\/p>\n","protected":false},"author":3,"featured_media":15304,"comment_status":"closed","ping_status":"closed","sticky":false,"template":"","format":"standard","meta":[],"categories":[18],"tags":[],"_links":{"self":[{"href":"https:\/\/www.actualidadadiario.com\/index.php\/wp-json\/wp\/v2\/posts\/15303"}],"collection":[{"href":"https:\/\/www.actualidadadiario.com\/index.php\/wp-json\/wp\/v2\/posts"}],"about":[{"href":"https:\/\/www.actualidadadiario.com\/index.php\/wp-json\/wp\/v2\/types\/post"}],"author":[{"embeddable":true,"href":"https:\/\/www.actualidadadiario.com\/index.php\/wp-json\/wp\/v2\/users\/3"}],"replies":[{"embeddable":true,"href":"https:\/\/www.actualidadadiario.com\/index.php\/wp-json\/wp\/v2\/comments?post=15303"}],"version-history":[{"count":1,"href":"https:\/\/www.actualidadadiario.com\/index.php\/wp-json\/wp\/v2\/posts\/15303\/revisions"}],"predecessor-version":[{"id":15305,"href":"https:\/\/www.actualidadadiario.com\/index.php\/wp-json\/wp\/v2\/posts\/15303\/revisions\/15305"}],"wp:featuredmedia":[{"embeddable":true,"href":"https:\/\/www.actualidadadiario.com\/index.php\/wp-json\/wp\/v2\/media\/15304"}],"wp:attachment":[{"href":"https:\/\/www.actualidadadiario.com\/index.php\/wp-json\/wp\/v2\/media?parent=15303"}],"wp:term":[{"taxonomy":"category","embeddable":true,"href":"https:\/\/www.actualidadadiario.com\/index.php\/wp-json\/wp\/v2\/categories?post=15303"},{"taxonomy":"post_tag","embeddable":true,"href":"https:\/\/www.actualidadadiario.com\/index.php\/wp-json\/wp\/v2\/tags?post=15303"}],"curies":[{"name":"wp","href":"https:\/\/api.w.org\/{rel}","templated":true}]}}