{"id":15300,"date":"2017-08-04T09:29:37","date_gmt":"2017-08-04T12:29:37","guid":{"rendered":"http:\/\/actualidadadiario.com\/site\/?p=15300"},"modified":"2017-08-04T09:29:37","modified_gmt":"2017-08-04T12:29:37","slug":"el-gobierno-asegura-que-no-aplicara-un-ajuste","status":"publish","type":"post","link":"https:\/\/www.actualidadadiario.com\/index.php\/2017\/08\/04\/el-gobierno-asegura-que-no-aplicara-un-ajuste\/","title":{"rendered":"El Gobierno asegura que no aplicar\u00e1 un ajuste"},"content":{"rendered":"<p><em><strong>El jefe de Gabinete, Marcos Pe\u00f1a, afirm\u00f3 que el mismo &#8220;no es viable ni social ni pol\u00edticamente&#8221;. Rechaz\u00f3 entonces posibles recortes en el gasto p\u00fablico luego de las elecciones legislativas de octubre<\/strong><\/em><\/p>\n<p>&nbsp;<\/p>\n<p>&nbsp;<\/p>\n<p>&nbsp;<\/p>\n<p>El jefe de Gabinete, Marcos Pe\u00f1a, asegur\u00f3 que un ajuste &#8220;no es viable ni social ni pol\u00edticamente&#8221; y se\u00f1al\u00f3 que &#8220;hoy la recuperaci\u00f3n est\u00e1 en pr\u00e1cticamente todos los sectores de la econom\u00eda&#8221;.<\/p>\n<p>&nbsp;<\/p>\n<p>&#8220;El ajuste no es viable ni social ni pol\u00edticamente&#8221;, afirm\u00f3 Pe\u00f1a, al rechazar que el Gobierno apunte a realizar recortes en el gasto p\u00fablico luego de las elecciones de octubre.<\/p>\n<p>&nbsp;<\/p>\n<p>El jefe de ministros consider\u00f3 que &#8220;las inversiones han venido y el pa\u00eds est\u00e1 creciendo&#8221;.<\/p>\n<p>&nbsp;<\/p>\n<p>&#8220;Hace un a\u00f1o est\u00e1bamos en default, hoy la recuperaci\u00f3n est\u00e1 en pr\u00e1cticamente todos los sectores de la econom\u00eda. El crecimiento que tendremos este a\u00f1o es sustentable&#8221;, remarc\u00f3 Pe\u00f1a.<\/p>\n<p>&nbsp;<\/p>\n<p>Luego destac\u00f3: &#8220;Salir del populismo sin una gran crisis econ\u00f3mica y creciendo al a\u00f1o y medio es un gran logro hist\u00f3rico, no se ha logrado antes&#8221;.<\/p>\n<p>&nbsp;<\/p>\n<p>En declaraciones a La Naci\u00f3n, el funcionario consider\u00f3 que el pa\u00eds no puede tener un d\u00e9ficit alto y que para reducirlo &#8220;hay dos opciones&#8221;.<\/p>\n<p>&nbsp;<\/p>\n<p>&#8220;O emitir sin respaldo como lo hizo el kirchnerismo o hacer un ajuste de un d\u00eda para otro, que no es viable ni social ni pol\u00edticamente. Tengo mucha confianza, veo entusiasmo y acompa\u00f1amiento. Vemos que a muchos les cuesta y est\u00e1n ansiosos porque les llegue un alivio. Sentimos que las otras propuestas son poco honestas en el mensaje y tan solo se quieren nutrir de rencores&#8221;, dijo, al evaluar el \u00faltimo tramo de la campa\u00f1a electoral de cara a las primarias.<\/p>\n","protected":false},"excerpt":{"rendered":"<p>El jefe de Gabinete, Marcos Pe\u00f1a, afirm\u00f3 que el mismo &#8220;no es viable ni social ni pol\u00edticamente&#8221;. Rechaz\u00f3 entonces posibles recortes en el gasto p\u00fablico luego de las elecciones legislativas de octubre &nbsp; &nbsp; &nbsp; El jefe de Gabinete, Marcos Pe\u00f1a, asegur\u00f3 que un ajuste &#8220;no es viable ni social ni pol\u00edticamente&#8221; y se\u00f1al\u00f3 que &#8220;hoy la recuperaci\u00f3n est\u00e1 en pr\u00e1cticamente todos los sectores de la econom\u00eda&#8221;. &nbsp; &#8220;El ajuste no es viable ni social ni pol\u00edticamente&#8221;, afirm\u00f3 Pe\u00f1a, al rechazar que el Gobierno apunte a realizar recortes en el&#8230;<\/p>\n","protected":false},"author":3,"featured_media":15301,"comment_status":"closed","ping_status":"closed","sticky":false,"template":"","format":"standard","meta":[],"categories":[18],"tags":[],"_links":{"self":[{"href":"https:\/\/www.actualidadadiario.com\/index.php\/wp-json\/wp\/v2\/posts\/15300"}],"collection":[{"href":"https:\/\/www.actualidadadiario.com\/index.php\/wp-json\/wp\/v2\/posts"}],"about":[{"href":"https:\/\/www.actualidadadiario.com\/index.php\/wp-json\/wp\/v2\/types\/post"}],"author":[{"embeddable":true,"href":"https:\/\/www.actualidadadiario.com\/index.php\/wp-json\/wp\/v2\/users\/3"}],"replies":[{"embeddable":true,"href":"https:\/\/www.actualidadadiario.com\/index.php\/wp-json\/wp\/v2\/comments?post=15300"}],"version-history":[{"count":1,"href":"https:\/\/www.actualidadadiario.com\/index.php\/wp-json\/wp\/v2\/posts\/15300\/revisions"}],"predecessor-version":[{"id":15302,"href":"https:\/\/www.actualidadadiario.com\/index.php\/wp-json\/wp\/v2\/posts\/15300\/revisions\/15302"}],"wp:featuredmedia":[{"embeddable":true,"href":"https:\/\/www.actualidadadiario.com\/index.php\/wp-json\/wp\/v2\/media\/15301"}],"wp:attachment":[{"href":"https:\/\/www.actualidadadiario.com\/index.php\/wp-json\/wp\/v2\/media?parent=15300"}],"wp:term":[{"taxonomy":"category","embeddable":true,"href":"https:\/\/www.actualidadadiario.com\/index.php\/wp-json\/wp\/v2\/categories?post=15300"},{"taxonomy":"post_tag","embeddable":true,"href":"https:\/\/www.actualidadadiario.com\/index.php\/wp-json\/wp\/v2\/tags?post=15300"}],"curies":[{"name":"wp","href":"https:\/\/api.w.org\/{rel}","templated":true}]}}