{"id":15297,"date":"2017-08-04T09:28:53","date_gmt":"2017-08-04T12:28:53","guid":{"rendered":"http:\/\/actualidadadiario.com\/site\/?p=15297"},"modified":"2017-08-04T09:28:53","modified_gmt":"2017-08-04T12:28:53","slug":"la-justicia-anulo-el-sobreseimiento-de-menem-en-la-causa-rio-tercero","status":"publish","type":"post","link":"https:\/\/www.actualidadadiario.com\/index.php\/2017\/08\/04\/la-justicia-anulo-el-sobreseimiento-de-menem-en-la-causa-rio-tercero\/","title":{"rendered":"La Justicia anul\u00f3 el sobreseimiento de Menem en la causa R\u00edo Tercero"},"content":{"rendered":"<p><em><strong>Se trata del caso que investig\u00f3 la por ahora impune explosi\u00f3n en la f\u00e1brica militar cordobesa en noviembre de 1995. Lo resolvi\u00f3 por mayor\u00eda Casaci\u00f3n Penal<\/strong><\/em><\/p>\n<p>&nbsp;<\/p>\n<p>&nbsp;<\/p>\n<p>La impunidad parece tener algunos l\u00edmites, al menos a medida que va pasando el tiempo y los culpables se van poniendo ancianos. La Sala II de la C\u00e1mara Federal de Casaci\u00f3n Penal, resolvi\u00f3 por mayor\u00eda hacer lugar al recurso de casaci\u00f3n interpuesto por el Ministerio P\u00fablico Fiscal y la querella en la causa por la explosi\u00f3n de la f\u00e1brica militar de R\u00edo Tercero y anular el sobreseimiento que le hab\u00edan dictado a Carlos Sa\u00fal Menem.<\/p>\n<p>&nbsp;<\/p>\n<p>De esta manera, se devolver\u00e1n las actuaciones a la C\u00e1mara Federal de Apelaciones de C\u00f3rdoba.<\/p>\n<p>&nbsp;<\/p>\n<p>Seg\u00fan el fallo firmado por integrada por los jueces \u00c1ngela E. Ledesma, Alejandro W. Slokar y Carlos A. Mahiques, la Justicia cordobesa deber\u00e1, &#8220;ante quien corresponda&#8221;, dictar un nuevo pronunciamiento sobre el caso.<\/p>\n<p>&nbsp;<\/p>\n<p>Asimismo, el tribunal federal declar\u00f3 &#8220;mal concedido&#8221; el recurso interpuesto por la querella respecto del sobreseimiento de Mart\u00edn Balza.<\/p>\n<p>&nbsp;<\/p>\n<p>En su voto, el juez Alejandro W. Slokar, al que adhiri\u00f3 el juez Carlos A. Mahiques, consider\u00f3 que \u201cresultan fundamentales los resguardos que se deben extremar al momento de dictarse un pronunciamiento que evidencie un grado de certeza negativa para la desvinculaci\u00f3n&#8221; de Menem del proceso penal, &#8220;tanto m\u00e1s si se desprenden dudas del agotamiento de la pesquisa\u201d.<\/p>\n<p>&nbsp;<\/p>\n<p>Por su parte, la jueza \u00c1ngela Ester Ledesma concluy\u00f3 que deb\u00eda estarse a lo resuelto en la instancia anterior por haber mediado afectaci\u00f3n a la garant\u00eda de ser juzgado en un plazo razonable.<\/p>\n<p>&nbsp;<\/p>\n<p>En la instancia intervinieron representando al Ministerio P\u00fablico Fiscal el fiscal general Javier Augusto De Luca y por la parte querellante\u00a0 el medi\u00e1tico Ricardo Monner Sans.<\/p>\n<p>&nbsp;<\/p>\n<p>La explosi\u00f3n del 3 de noviembre de 1995 en la f\u00e1brica militar, por la que fueron condenados a prisi\u00f3n cuatro imputados, dej\u00f3 un saldo de siete muertos, m\u00e1s de 300 heridos e innumerables da\u00f1os materiales.<\/p>\n","protected":false},"excerpt":{"rendered":"<p>Se trata del caso que investig\u00f3 la por ahora impune explosi\u00f3n en la f\u00e1brica militar cordobesa en noviembre de 1995. Lo resolvi\u00f3 por mayor\u00eda Casaci\u00f3n Penal &nbsp; &nbsp; La impunidad parece tener algunos l\u00edmites, al menos a medida que va pasando el tiempo y los culpables se van poniendo ancianos. La Sala II de la C\u00e1mara Federal de Casaci\u00f3n Penal, resolvi\u00f3 por mayor\u00eda hacer lugar al recurso de casaci\u00f3n interpuesto por el Ministerio P\u00fablico Fiscal y la querella en la causa por la explosi\u00f3n de la f\u00e1brica militar de R\u00edo&#8230;<\/p>\n","protected":false},"author":3,"featured_media":15298,"comment_status":"closed","ping_status":"closed","sticky":false,"template":"","format":"standard","meta":[],"categories":[18],"tags":[],"_links":{"self":[{"href":"https:\/\/www.actualidadadiario.com\/index.php\/wp-json\/wp\/v2\/posts\/15297"}],"collection":[{"href":"https:\/\/www.actualidadadiario.com\/index.php\/wp-json\/wp\/v2\/posts"}],"about":[{"href":"https:\/\/www.actualidadadiario.com\/index.php\/wp-json\/wp\/v2\/types\/post"}],"author":[{"embeddable":true,"href":"https:\/\/www.actualidadadiario.com\/index.php\/wp-json\/wp\/v2\/users\/3"}],"replies":[{"embeddable":true,"href":"https:\/\/www.actualidadadiario.com\/index.php\/wp-json\/wp\/v2\/comments?post=15297"}],"version-history":[{"count":1,"href":"https:\/\/www.actualidadadiario.com\/index.php\/wp-json\/wp\/v2\/posts\/15297\/revisions"}],"predecessor-version":[{"id":15299,"href":"https:\/\/www.actualidadadiario.com\/index.php\/wp-json\/wp\/v2\/posts\/15297\/revisions\/15299"}],"wp:featuredmedia":[{"embeddable":true,"href":"https:\/\/www.actualidadadiario.com\/index.php\/wp-json\/wp\/v2\/media\/15298"}],"wp:attachment":[{"href":"https:\/\/www.actualidadadiario.com\/index.php\/wp-json\/wp\/v2\/media?parent=15297"}],"wp:term":[{"taxonomy":"category","embeddable":true,"href":"https:\/\/www.actualidadadiario.com\/index.php\/wp-json\/wp\/v2\/categories?post=15297"},{"taxonomy":"post_tag","embeddable":true,"href":"https:\/\/www.actualidadadiario.com\/index.php\/wp-json\/wp\/v2\/tags?post=15297"}],"curies":[{"name":"wp","href":"https:\/\/api.w.org\/{rel}","templated":true}]}}