{"id":15294,"date":"2017-08-04T09:28:07","date_gmt":"2017-08-04T12:28:07","guid":{"rendered":"http:\/\/actualidadadiario.com\/site\/?p=15294"},"modified":"2017-08-04T09:28:07","modified_gmt":"2017-08-04T12:28:07","slug":"el-presidente-de-una-automotriz-propone-eliminar-la-antiguedad-laboral","status":"publish","type":"post","link":"https:\/\/www.actualidadadiario.com\/index.php\/2017\/08\/04\/el-presidente-de-una-automotriz-propone-eliminar-la-antiguedad-laboral\/","title":{"rendered":"El presidente de una automotriz propone eliminar la antig\u00fcedad laboral"},"content":{"rendered":"<p><em><strong>El titular de Mercedes Benz asegur\u00f3 que los trabajadores perciben ese plus despu\u00e9s de d\u00e9cadas en una empresa &#8220;por ser solo calienta sillas&#8221;<\/strong><\/em><\/p>\n<p>&nbsp;<\/p>\n<p>&nbsp;<\/p>\n<p>La comisi\u00f3n interna de la automotriz Mercedes Benz y el gremio mec\u00e1nico (Smata) manifestaron su repudio a ra\u00edz de los conceptos del titular de esa firma en el pa\u00eds y directivo de la Asociaci\u00f3n de Fabricantes de Automotores (Adefa), Joachim Maier.<\/p>\n<p>&nbsp;<\/p>\n<p>Envalentonado por la campa\u00f1a oficial para recortar derechos a los trabajadores, el ejecutivo reclam\u00f3 cambios en el mercado laboral: pidi\u00f3 que se elimine el plus de antig\u00fcedad porque \u201ces impensable el crecimiento cuando un trabajador, por el solo hecho de tener 30 0 40 a\u00f1os en la empresa, percibe ese plus por ser s\u00f3lo un calienta sillas\u201d.<\/p>\n<p>&nbsp;<\/p>\n<p>Un comunicado de los delegados gremiales, con el respaldo de la conducci\u00f3n del Smata que conduce Ricardo Pignanelli, critic\u00f3 \u201clas desafortunadas afirmaciones\u201d del empresario por \u201csus discutibles deseos de que se modifiquen y comparen impuestos con otros pa\u00edses en beneficio de la competitividad de la industria automotriz\u201d.<\/p>\n<p>&nbsp;<\/p>\n<p>Seg\u00fan indic\u00f3 el sitio de noticias Infogremiales, los delegados gremiales y el Smata sostuvieron que Maier \u201cdenigr\u00f3\u201d a los trabajadores desconociendo \u201clas innumerables felicitaciones recibidas desde la propia Alemania por los operarios a partir de su empe\u00f1o y sus logros en los 65 a\u00f1os que tiene la compa\u00f1\u00eda en el pa\u00eds\u201d.<\/p>\n<p>&nbsp;<\/p>\n<p>\u201cMaier no dud\u00f3 en difundir sus verdaderas y reales intenciones al referirse a la necesidad de flexibilizar los convenios colectivos de trabajo y cercenar todo beneficio que perciban los trabajadores, aprovechando la coyuntura pol\u00edtico-social imperante tanto en la Argentina como en el Brasil y M\u00e9xico\u201d, se\u00f1alaron<\/p>\n<p>&nbsp;<\/p>\n<p>Los delegados recordaron que el ejecutivo comenz\u00f3 sus tareas en la actividad en 1987 en el Grupo Daimler y se\u00f1alaron con iron\u00eda que Maier es por esa raz\u00f3n \u201cuno de los directivos m\u00e1s antiguos y, sin embargo, por respeto y cordialidad los trabajadores no lo tratan de \u2018caro\u2019 y \u2018calienta sillas&#8217;\u201d.<\/p>\n","protected":false},"excerpt":{"rendered":"<p>El titular de Mercedes Benz asegur\u00f3 que los trabajadores perciben ese plus despu\u00e9s de d\u00e9cadas en una empresa &#8220;por ser solo calienta sillas&#8221; &nbsp; &nbsp; La comisi\u00f3n interna de la automotriz Mercedes Benz y el gremio mec\u00e1nico (Smata) manifestaron su repudio a ra\u00edz de los conceptos del titular de esa firma en el pa\u00eds y directivo de la Asociaci\u00f3n de Fabricantes de Automotores (Adefa), Joachim Maier. &nbsp; Envalentonado por la campa\u00f1a oficial para recortar derechos a los trabajadores, el ejecutivo reclam\u00f3 cambios en el mercado laboral: pidi\u00f3 que se elimine&#8230;<\/p>\n","protected":false},"author":3,"featured_media":15295,"comment_status":"closed","ping_status":"closed","sticky":false,"template":"","format":"standard","meta":[],"categories":[18],"tags":[],"_links":{"self":[{"href":"https:\/\/www.actualidadadiario.com\/index.php\/wp-json\/wp\/v2\/posts\/15294"}],"collection":[{"href":"https:\/\/www.actualidadadiario.com\/index.php\/wp-json\/wp\/v2\/posts"}],"about":[{"href":"https:\/\/www.actualidadadiario.com\/index.php\/wp-json\/wp\/v2\/types\/post"}],"author":[{"embeddable":true,"href":"https:\/\/www.actualidadadiario.com\/index.php\/wp-json\/wp\/v2\/users\/3"}],"replies":[{"embeddable":true,"href":"https:\/\/www.actualidadadiario.com\/index.php\/wp-json\/wp\/v2\/comments?post=15294"}],"version-history":[{"count":1,"href":"https:\/\/www.actualidadadiario.com\/index.php\/wp-json\/wp\/v2\/posts\/15294\/revisions"}],"predecessor-version":[{"id":15296,"href":"https:\/\/www.actualidadadiario.com\/index.php\/wp-json\/wp\/v2\/posts\/15294\/revisions\/15296"}],"wp:featuredmedia":[{"embeddable":true,"href":"https:\/\/www.actualidadadiario.com\/index.php\/wp-json\/wp\/v2\/media\/15295"}],"wp:attachment":[{"href":"https:\/\/www.actualidadadiario.com\/index.php\/wp-json\/wp\/v2\/media?parent=15294"}],"wp:term":[{"taxonomy":"category","embeddable":true,"href":"https:\/\/www.actualidadadiario.com\/index.php\/wp-json\/wp\/v2\/categories?post=15294"},{"taxonomy":"post_tag","embeddable":true,"href":"https:\/\/www.actualidadadiario.com\/index.php\/wp-json\/wp\/v2\/tags?post=15294"}],"curies":[{"name":"wp","href":"https:\/\/api.w.org\/{rel}","templated":true}]}}