{"id":15288,"date":"2017-08-04T09:26:11","date_gmt":"2017-08-04T12:26:11","guid":{"rendered":"http:\/\/actualidadadiario.com\/site\/?p=15288"},"modified":"2017-08-04T09:26:11","modified_gmt":"2017-08-04T12:26:11","slug":"el-monitor-economico-que-sigue-hacienda-ya-muestra-casi-todos-brotes-verdes","status":"publish","type":"post","link":"https:\/\/www.actualidadadiario.com\/index.php\/2017\/08\/04\/el-monitor-economico-que-sigue-hacienda-ya-muestra-casi-todos-brotes-verdes\/","title":{"rendered":"El monitor econ\u00f3mico que sigue Hacienda ya muestra casi todos brotes verdes"},"content":{"rendered":"<p><em><strong>Lejos de los pron\u00f3sticos lanzados a inicios de la gesti\u00f3n de Cambiemos en 2015 que auguraban una recuperaci\u00f3n econ\u00f3mica para el segundo semestre de 2016, los afamados brotes verdes parecen ir convirti\u00e9ndose en realidad en casi todos los sectores. El monitor econ\u00f3mico que sigue el Ministerio de Hacienda se\u00f1al\u00f3 que a las se\u00f1ales positivas de la construcci\u00f3n y el agro, ahora se sum\u00f3 la actividad industrial, la cual ya recuper\u00f3 niveles de fines de 2015<\/strong><\/em><\/p>\n<p>&nbsp;<\/p>\n<p>&nbsp;<\/p>\n<p>&nbsp;<\/p>\n<p>&nbsp;<\/p>\n<p>De acuerdo al informe realizado por la cartera de Nicol\u00e1s Dujovne al que accedi\u00f3 \u00e1mbito.com, en los \u00faltimos meses se registr\u00f3 una aceleraci\u00f3n en el crecimiento econ\u00f3mico que rompe con los n\u00fameros rojos informados durante el mes de septiembre de 2016. Asimismo, desde Hacienda destacan que la expansi\u00f3n econ\u00f3mica se encamina a ser la m\u00e1s duradera de los \u00faltimos cinco a\u00f1os.<\/p>\n<p>&nbsp;<\/p>\n<p>Pese a que el ajuste en la rama empresarial sigue a flor de piel y el deterioro en las condiciones sociales contin\u00faa, la posici\u00f3n macroecon\u00f3mica pareciera estar corriendo en un paralelo que presenta a la econom\u00eda operando a buena marcha. &#8220;Una bater\u00eda de indicadores econ\u00f3micos nos muestra que la econom\u00eda ya opera con todos sus motores en funcionamiento&#8221;, se\u00f1ala el monitor econ\u00f3mico.<\/p>\n<p>&nbsp;<\/p>\n<p>Desde la cartera de Hacienda resaltan que a la inversi\u00f3n y las exportaciones ahora se sum\u00f3 el consumo como empuje de la econom\u00eda. El indicador mensual de inversi\u00f3n elaborado por dicho ministerio &#8220;muestra un crecimiento interanual de 13,6% en junio y de 10,7% interanual para el segundo trimestre, el 3er trimestre consecutivo de crecimiento&#8221;, mientras que el consumo creci\u00f3 4,8% interanual en mayo y 2,6% interanual en el promedio entre abril y mayo, agrega.<\/p>\n<p>&nbsp;<\/p>\n<p>El monitor de la econom\u00eda, gu\u00eda dentro del Gobierno para seguir la evoluci\u00f3n de la actividad, sostiene que la construcci\u00f3n y el agro se posicionaron como los primeros en mostrar se\u00f1ales de recuperaci\u00f3n. Sin embargo, ahora tambi\u00e9n es la industria la cual da signos de expansi\u00f3n.<\/p>\n<p>&nbsp;<\/p>\n<p>&#8220;El dinamismo en el sector de la construcci\u00f3n bate r\u00e9cords&#8221;, sostienen desde el Gobierno, con una expansi\u00f3n del &#8220;17% interanual en junio&#8221;, de acuerdo al Indicador Sint\u00e9tico de la Actividad en la Construcci\u00f3n (ISAC) del INDEC. Se trata de &#8220;la mayor variaci\u00f3n interanual desde diciembre de 2010&#8221;.<\/p>\n<p>&nbsp;<\/p>\n<p>En cuanto a la actividad industrial, el informe destaca que &#8220;en junio el sector creci\u00f3 6,6% interanual seg\u00fan el Estimador Mensual Industrial (EMI) del INDEC&#8221;, lo cual representa la mayor expansi\u00f3n desde 2011.<\/p>\n<p>&nbsp;<\/p>\n<p>En el trimestre acumul\u00f3 un crecimiento de 2,2% interanual. De esta manera, luego de cinco a\u00f1os de estancamiento, la industria est\u00e1 volviendo a crecer y ya recuper\u00f3 el nivel que ten\u00eda a fines de 2015.<\/p>\n<p>&nbsp;<\/p>\n<p>Durante el mes de septiembre de 2016 se registr\u00f3 el peor per\u00edodo del actual gobierno con ca\u00eddas en casi todas las ramas de la econom\u00eda: 7,3% en Industria, 13,1% en Construcci\u00f3n; del 3% en Consumo, 5,5% en Inversi\u00f3n y 6,7% en Cr\u00e9dito. El EMAE, que mide la actividad y el empleo, hab\u00eda registrado una baja de 3,3%, apenas menor a lo ocurrido en junio cuando el descenso fue de 4,9%.<\/p>\n<p>&nbsp;<\/p>\n<p>A partir de diciembre de 2016, un a\u00f1o despu\u00e9s de la asunci\u00f3n de Mauricio Macri al frente del Ejecutivo, los n\u00fameros comenzaron a registrar leves mejoras pero a\u00fan lejos de lo esperado. Sin embargo, el \u00faltimo informe revela que el crecimiento da signos de afianzamiento.<\/p>\n<p>&nbsp;<\/p>\n<p>Entre los aumentos m\u00e1s destacados aparece que en la actividad inmobiliaria el Colegio de Escribanos de la Ciudad inform\u00f3 una suba significativa del 41,1% interanual de la cantidad de escrituras en junio, mientras que el despacho de asfalto mostr\u00f3 un explosivo aumento del 73,6%, posiblemente vinculado al aumento de la obra p\u00fablica en a\u00f1o electoral.<\/p>\n<p>&nbsp;<\/p>\n<p>Por \u00faltimo, el estimador mensual referido a la actividad y el empleo mostr\u00f3 un crecimiento del 3,3%, n\u00fameros que por primera vez en casi un a\u00f1o y medio de gobierno de Macri logran superar el nivel de diciembre de 2015.<\/p>\n","protected":false},"excerpt":{"rendered":"<p>Lejos de los pron\u00f3sticos lanzados a inicios de la gesti\u00f3n de Cambiemos en 2015 que auguraban una recuperaci\u00f3n econ\u00f3mica para el segundo semestre de 2016, los afamados brotes verdes parecen ir convirti\u00e9ndose en realidad en casi todos los sectores. El monitor econ\u00f3mico que sigue el Ministerio de Hacienda se\u00f1al\u00f3 que a las se\u00f1ales positivas de la construcci\u00f3n y el agro, ahora se sum\u00f3 la actividad industrial, la cual ya recuper\u00f3 niveles de fines de 2015 &nbsp; &nbsp; &nbsp; &nbsp; De acuerdo al informe realizado por la cartera de Nicol\u00e1s Dujovne&#8230;<\/p>\n","protected":false},"author":3,"featured_media":15289,"comment_status":"closed","ping_status":"closed","sticky":false,"template":"","format":"standard","meta":[],"categories":[2],"tags":[],"_links":{"self":[{"href":"https:\/\/www.actualidadadiario.com\/index.php\/wp-json\/wp\/v2\/posts\/15288"}],"collection":[{"href":"https:\/\/www.actualidadadiario.com\/index.php\/wp-json\/wp\/v2\/posts"}],"about":[{"href":"https:\/\/www.actualidadadiario.com\/index.php\/wp-json\/wp\/v2\/types\/post"}],"author":[{"embeddable":true,"href":"https:\/\/www.actualidadadiario.com\/index.php\/wp-json\/wp\/v2\/users\/3"}],"replies":[{"embeddable":true,"href":"https:\/\/www.actualidadadiario.com\/index.php\/wp-json\/wp\/v2\/comments?post=15288"}],"version-history":[{"count":1,"href":"https:\/\/www.actualidadadiario.com\/index.php\/wp-json\/wp\/v2\/posts\/15288\/revisions"}],"predecessor-version":[{"id":15290,"href":"https:\/\/www.actualidadadiario.com\/index.php\/wp-json\/wp\/v2\/posts\/15288\/revisions\/15290"}],"wp:featuredmedia":[{"embeddable":true,"href":"https:\/\/www.actualidadadiario.com\/index.php\/wp-json\/wp\/v2\/media\/15289"}],"wp:attachment":[{"href":"https:\/\/www.actualidadadiario.com\/index.php\/wp-json\/wp\/v2\/media?parent=15288"}],"wp:term":[{"taxonomy":"category","embeddable":true,"href":"https:\/\/www.actualidadadiario.com\/index.php\/wp-json\/wp\/v2\/categories?post=15288"},{"taxonomy":"post_tag","embeddable":true,"href":"https:\/\/www.actualidadadiario.com\/index.php\/wp-json\/wp\/v2\/tags?post=15288"}],"curies":[{"name":"wp","href":"https:\/\/api.w.org\/{rel}","templated":true}]}}