{"id":15285,"date":"2017-08-04T09:25:25","date_gmt":"2017-08-04T12:25:25","guid":{"rendered":"http:\/\/actualidadadiario.com\/site\/?p=15285"},"modified":"2017-08-04T09:25:25","modified_gmt":"2017-08-04T12:25:25","slug":"das-neves-dice-que-problema-del-sector-petrolero-es-gravisimo","status":"publish","type":"post","link":"https:\/\/www.actualidadadiario.com\/index.php\/2017\/08\/04\/das-neves-dice-que-problema-del-sector-petrolero-es-gravisimo\/","title":{"rendered":"Das Neves dice que problema del sector petrolero es &#8220;grav\u00edsimo&#8221;"},"content":{"rendered":"<p><em><strong>El mandatario de la provincia del Chubut dice que los despidos afectan a uno de los rubros m\u00e1s fuertes de su econom\u00eda<\/strong><\/em><\/p>\n<p>&nbsp;<\/p>\n<p>&nbsp;<\/p>\n<p>&nbsp;<\/p>\n<p>El gobernador de la provincia del Chubut, Mario Das Neves, asegur\u00f3 este jueves que la provincia tiene un &#8220;problema grav\u00edsimo&#8221; desde hace un a\u00f1o porque la cantidad de despidos en el sector petrolero, uno de los rubros m\u00e1s fuertes de su econom\u00eda.<\/p>\n<p>&nbsp;<\/p>\n<p>El mandatario chubutense se reunir\u00e1 este jueves en esta capital con representantes de la empresa Tecpetrol -del Grupo Techint- y del Sindicato del Petr\u00f3leo y Gas Privado del Chubut, que conduce Jorge &#8220;Loma&#8221; \u00c1vila.<\/p>\n<p>&nbsp;<\/p>\n<p>La cumbre se dar\u00e1 una semana despu\u00e9s de los 249 despidos efectuados por empresas de servicio sat\u00e9lites de la petrolera Tecpetrol, que hab\u00eda anunciado en julio que necesitaba reducir costos para ser rentable.<\/p>\n<p>&nbsp;<\/p>\n<p>Dijo el mandatario que en la noche del mi\u00e9rcoles hab\u00eda &#8220;buena expectativa de retrotraer los m\u00e1s de doscientos despedidos&#8221;, pero aclar\u00f3 que \u00e9l deber\u00e1 interceder porque &#8220;no hay una buena relaci\u00f3n entre la empresa y el sindicato&#8221;.<\/p>\n<p>&nbsp;<\/p>\n<p>&#8220;Tenemos (en el Chubut) la cuesti\u00f3n grav\u00edsima desde hace un a\u00f1o en el sector petrolero: hay despidos.<\/p>\n<p>&nbsp;<\/p>\n<p>Nosotros hemos tenido un rol activo tratando de retrotraer esos despidos y en algunos casos lo hemos logrado hacer&#8221;, dijo Das Neves en declaraciones a Radio Rivadavia.<\/p>\n","protected":false},"excerpt":{"rendered":"<p>El mandatario de la provincia del Chubut dice que los despidos afectan a uno de los rubros m\u00e1s fuertes de su econom\u00eda &nbsp; &nbsp; &nbsp; El gobernador de la provincia del Chubut, Mario Das Neves, asegur\u00f3 este jueves que la provincia tiene un &#8220;problema grav\u00edsimo&#8221; desde hace un a\u00f1o porque la cantidad de despidos en el sector petrolero, uno de los rubros m\u00e1s fuertes de su econom\u00eda. &nbsp; El mandatario chubutense se reunir\u00e1 este jueves en esta capital con representantes de la empresa Tecpetrol -del Grupo Techint- y del Sindicato&#8230;<\/p>\n","protected":false},"author":3,"featured_media":15286,"comment_status":"closed","ping_status":"closed","sticky":false,"template":"","format":"standard","meta":[],"categories":[2],"tags":[],"_links":{"self":[{"href":"https:\/\/www.actualidadadiario.com\/index.php\/wp-json\/wp\/v2\/posts\/15285"}],"collection":[{"href":"https:\/\/www.actualidadadiario.com\/index.php\/wp-json\/wp\/v2\/posts"}],"about":[{"href":"https:\/\/www.actualidadadiario.com\/index.php\/wp-json\/wp\/v2\/types\/post"}],"author":[{"embeddable":true,"href":"https:\/\/www.actualidadadiario.com\/index.php\/wp-json\/wp\/v2\/users\/3"}],"replies":[{"embeddable":true,"href":"https:\/\/www.actualidadadiario.com\/index.php\/wp-json\/wp\/v2\/comments?post=15285"}],"version-history":[{"count":1,"href":"https:\/\/www.actualidadadiario.com\/index.php\/wp-json\/wp\/v2\/posts\/15285\/revisions"}],"predecessor-version":[{"id":15287,"href":"https:\/\/www.actualidadadiario.com\/index.php\/wp-json\/wp\/v2\/posts\/15285\/revisions\/15287"}],"wp:featuredmedia":[{"embeddable":true,"href":"https:\/\/www.actualidadadiario.com\/index.php\/wp-json\/wp\/v2\/media\/15286"}],"wp:attachment":[{"href":"https:\/\/www.actualidadadiario.com\/index.php\/wp-json\/wp\/v2\/media?parent=15285"}],"wp:term":[{"taxonomy":"category","embeddable":true,"href":"https:\/\/www.actualidadadiario.com\/index.php\/wp-json\/wp\/v2\/categories?post=15285"},{"taxonomy":"post_tag","embeddable":true,"href":"https:\/\/www.actualidadadiario.com\/index.php\/wp-json\/wp\/v2\/tags?post=15285"}],"curies":[{"name":"wp","href":"https:\/\/api.w.org\/{rel}","templated":true}]}}