{"id":15282,"date":"2017-08-04T09:24:32","date_gmt":"2017-08-04T12:24:32","guid":{"rendered":"http:\/\/actualidadadiario.com\/site\/?p=15282"},"modified":"2017-08-04T09:24:32","modified_gmt":"2017-08-04T12:24:32","slug":"gobernadores-recurriran-a-la-corte-suprema-por-la-coparticipacion","status":"publish","type":"post","link":"https:\/\/www.actualidadadiario.com\/index.php\/2017\/08\/04\/gobernadores-recurriran-a-la-corte-suprema-por-la-coparticipacion\/","title":{"rendered":"Gobernadores recurrir\u00e1n a la Corte Suprema por la coparticipaci\u00f3n"},"content":{"rendered":"<p><em><strong>Once mandatarios peronistas buscar\u00e1n evitar as\u00ed que el Gobierno Naci\u00f3n redirija 50.000 millones de pesos hacia la provincia de Buenos Aires<\/strong><\/em><\/p>\n<p>&nbsp;<\/p>\n<p>&nbsp;<\/p>\n<p>Los gobernadores peronistas que este jueves mantuvieron un encuentro, luego de que la mandataria macrista bonaerense pidiera m\u00e1s dinero para el Fondo del Conurbano en detrimento de los distritos del interior, recurrir\u00e1n a la Corte Suprema su intermediaci\u00f3n.<\/p>\n<p>&nbsp;<\/p>\n<p>Al terminar el c\u00f3nclave que se llev\u00f3 a cabo en la Ciudad de Buenos Aires, anunciaron que pedir\u00e1n una audiencia a la Corte Suprema de Justicia para expresar sus objeciones a la posibilidad de que sufran nuevos cortes en la coparticipaci\u00f3n, pendientes de que ello &#8220;pueda lesionar el finanzas provinciales&#8221;.<\/p>\n<p>&nbsp;<\/p>\n<p>&#8220;Queremos manifestar la preocupaci\u00f3n que tenemos las provincias por la demanda interpuesta ante la Suprema Corte de Justicia por la provincia de Buenos Aires&#8221;, anunci\u00f3 el cordob\u00e9s Juan Schiaretii al t\u00e9rmino del encuentro.<\/p>\n<p>&nbsp;<\/p>\n<p>En ese sentido dijo que buscan \u201chacerle conocer la posici\u00f3n del interior&#8221; al m\u00e1ximo tribunal, a\u00f1adiendo que \u201choy la Naci\u00f3n se queda con el 62 por ciento (de los recursos coparticipables) y las provincias con el 38 por ciento, y queremos que esto cambie&#8221;.<\/p>\n<p>&nbsp;<\/p>\n<p>Adem\u00e1s de Schiaretti, del encuentro participaron los gobernadores de Carlos Verna (La Pampa), Gildo Insfr\u00e1n (Formosa), Hugo Passalaqua (Misiones), Juan Manuel Urtubey (Salta), Roxana Bertone (Tierra del Fuego), Gustavo Bordet (Entre R\u00edos), Sergio U\u00f1ac (San Juan), Domingo Peppo (Chaco), Juan Manzur (Tucum\u00e1n) y Luc\u00eda Corpacci (Catamarca).<\/p>\n","protected":false},"excerpt":{"rendered":"<p>Once mandatarios peronistas buscar\u00e1n evitar as\u00ed que el Gobierno Naci\u00f3n redirija 50.000 millones de pesos hacia la provincia de Buenos Aires &nbsp; &nbsp; Los gobernadores peronistas que este jueves mantuvieron un encuentro, luego de que la mandataria macrista bonaerense pidiera m\u00e1s dinero para el Fondo del Conurbano en detrimento de los distritos del interior, recurrir\u00e1n a la Corte Suprema su intermediaci\u00f3n. &nbsp; Al terminar el c\u00f3nclave que se llev\u00f3 a cabo en la Ciudad de Buenos Aires, anunciaron que pedir\u00e1n una audiencia a la Corte Suprema de Justicia para expresar&#8230;<\/p>\n","protected":false},"author":3,"featured_media":15283,"comment_status":"closed","ping_status":"closed","sticky":false,"template":"","format":"standard","meta":[],"categories":[9,2],"tags":[],"_links":{"self":[{"href":"https:\/\/www.actualidadadiario.com\/index.php\/wp-json\/wp\/v2\/posts\/15282"}],"collection":[{"href":"https:\/\/www.actualidadadiario.com\/index.php\/wp-json\/wp\/v2\/posts"}],"about":[{"href":"https:\/\/www.actualidadadiario.com\/index.php\/wp-json\/wp\/v2\/types\/post"}],"author":[{"embeddable":true,"href":"https:\/\/www.actualidadadiario.com\/index.php\/wp-json\/wp\/v2\/users\/3"}],"replies":[{"embeddable":true,"href":"https:\/\/www.actualidadadiario.com\/index.php\/wp-json\/wp\/v2\/comments?post=15282"}],"version-history":[{"count":1,"href":"https:\/\/www.actualidadadiario.com\/index.php\/wp-json\/wp\/v2\/posts\/15282\/revisions"}],"predecessor-version":[{"id":15284,"href":"https:\/\/www.actualidadadiario.com\/index.php\/wp-json\/wp\/v2\/posts\/15282\/revisions\/15284"}],"wp:featuredmedia":[{"embeddable":true,"href":"https:\/\/www.actualidadadiario.com\/index.php\/wp-json\/wp\/v2\/media\/15283"}],"wp:attachment":[{"href":"https:\/\/www.actualidadadiario.com\/index.php\/wp-json\/wp\/v2\/media?parent=15282"}],"wp:term":[{"taxonomy":"category","embeddable":true,"href":"https:\/\/www.actualidadadiario.com\/index.php\/wp-json\/wp\/v2\/categories?post=15282"},{"taxonomy":"post_tag","embeddable":true,"href":"https:\/\/www.actualidadadiario.com\/index.php\/wp-json\/wp\/v2\/tags?post=15282"}],"curies":[{"name":"wp","href":"https:\/\/api.w.org\/{rel}","templated":true}]}}