{"id":15276,"date":"2017-08-04T09:23:03","date_gmt":"2017-08-04T12:23:03","guid":{"rendered":"http:\/\/actualidadadiario.com\/site\/?p=15276"},"modified":"2017-08-04T09:23:03","modified_gmt":"2017-08-04T12:23:03","slug":"afip-postergo-anticipo-de-ganancias-y-modifico-monotributo","status":"publish","type":"post","link":"https:\/\/www.actualidadadiario.com\/index.php\/2017\/08\/04\/afip-postergo-anticipo-de-ganancias-y-modifico-monotributo\/","title":{"rendered":"AFIP posterg\u00f3 anticipo de Ganancias y modific\u00f3 monotributo"},"content":{"rendered":"<p><em><strong>El administrador federal Alberto Abad revel\u00f3 que mover\u00e1 el vencimiento del segundo anticipo de ese impuesto y dispuso cambios en el vencimiento anual de las presentaciones<\/strong><\/em><\/p>\n<p>&nbsp;<\/p>\n<p>&nbsp;<\/p>\n<p>&nbsp;<\/p>\n<p>La Administraci\u00f3n Federal de Ingresos P\u00fablicos (AFIP) inform\u00f3 este jueves que mover\u00e1 el vencimiento del segundo anticipo del impuesto a las Ganancias e indic\u00f3 que se pondr\u00e1n en marcha modificaciones en el r\u00e9gimen del monotributo.<\/p>\n<p>&nbsp;<\/p>\n<p>En una ronda de prensa, el administrador federal, Alberto Abad, present\u00f3 tambi\u00e9n cambios en el vencimiento anual de las presentaciones, ya que ser\u00e1 fijado en junio, en lugar de abril y mayo, por lo cual destac\u00f3 que as\u00ed &#8220;habr\u00e1 m\u00e1s tiempo para recopilar la informaci\u00f3n necesaria&#8221;.<\/p>\n<p>&nbsp;<\/p>\n<p>Respecto de las modificaciones en los anticipos, indic\u00f3 que para personas f\u00edsicas se mover\u00e1 el segundo a octubre, en vez de que sea en agosto.<\/p>\n<p>&nbsp;<\/p>\n<p>Con relaci\u00f3n a los monotributistas, el funcionario se\u00f1al\u00f3 que &#8220;desde este a\u00f1o la recategorizaci\u00f3n de septiembre ser\u00e1 de manera obligatoria&#8221;.<\/p>\n<p>&nbsp;<\/p>\n<p>Resalt\u00f3 que &#8220;tambi\u00e9n es obligatoria la adhesi\u00f3n al Domicilio Fiscal Electr\u00f3nico a partir del primero de octubre&#8221;, mientras enfatiz\u00f3 que los pagos se deber\u00e1n realizar de manera electr\u00f3nica desde el primero de noviembre, incluso en las categor\u00edas m\u00e1s bajas.<\/p>\n","protected":false},"excerpt":{"rendered":"<p>El administrador federal Alberto Abad revel\u00f3 que mover\u00e1 el vencimiento del segundo anticipo de ese impuesto y dispuso cambios en el vencimiento anual de las presentaciones &nbsp; &nbsp; &nbsp; La Administraci\u00f3n Federal de Ingresos P\u00fablicos (AFIP) inform\u00f3 este jueves que mover\u00e1 el vencimiento del segundo anticipo del impuesto a las Ganancias e indic\u00f3 que se pondr\u00e1n en marcha modificaciones en el r\u00e9gimen del monotributo. &nbsp; En una ronda de prensa, el administrador federal, Alberto Abad, present\u00f3 tambi\u00e9n cambios en el vencimiento anual de las presentaciones, ya que ser\u00e1 fijado en&#8230;<\/p>\n","protected":false},"author":3,"featured_media":15277,"comment_status":"closed","ping_status":"closed","sticky":false,"template":"","format":"standard","meta":[],"categories":[2],"tags":[],"_links":{"self":[{"href":"https:\/\/www.actualidadadiario.com\/index.php\/wp-json\/wp\/v2\/posts\/15276"}],"collection":[{"href":"https:\/\/www.actualidadadiario.com\/index.php\/wp-json\/wp\/v2\/posts"}],"about":[{"href":"https:\/\/www.actualidadadiario.com\/index.php\/wp-json\/wp\/v2\/types\/post"}],"author":[{"embeddable":true,"href":"https:\/\/www.actualidadadiario.com\/index.php\/wp-json\/wp\/v2\/users\/3"}],"replies":[{"embeddable":true,"href":"https:\/\/www.actualidadadiario.com\/index.php\/wp-json\/wp\/v2\/comments?post=15276"}],"version-history":[{"count":1,"href":"https:\/\/www.actualidadadiario.com\/index.php\/wp-json\/wp\/v2\/posts\/15276\/revisions"}],"predecessor-version":[{"id":15278,"href":"https:\/\/www.actualidadadiario.com\/index.php\/wp-json\/wp\/v2\/posts\/15276\/revisions\/15278"}],"wp:featuredmedia":[{"embeddable":true,"href":"https:\/\/www.actualidadadiario.com\/index.php\/wp-json\/wp\/v2\/media\/15277"}],"wp:attachment":[{"href":"https:\/\/www.actualidadadiario.com\/index.php\/wp-json\/wp\/v2\/media?parent=15276"}],"wp:term":[{"taxonomy":"category","embeddable":true,"href":"https:\/\/www.actualidadadiario.com\/index.php\/wp-json\/wp\/v2\/categories?post=15276"},{"taxonomy":"post_tag","embeddable":true,"href":"https:\/\/www.actualidadadiario.com\/index.php\/wp-json\/wp\/v2\/tags?post=15276"}],"curies":[{"name":"wp","href":"https:\/\/api.w.org\/{rel}","templated":true}]}}