{"id":15268,"date":"2017-08-04T09:19:41","date_gmt":"2017-08-04T12:19:41","guid":{"rendered":"http:\/\/actualidadadiario.com\/site\/?p=15268"},"modified":"2017-08-04T09:19:41","modified_gmt":"2017-08-04T12:19:41","slug":"los-precandidatos-bahillo-y-gaillard-se-reunieron-con-empresarios-avicolas-de-colon","status":"publish","type":"post","link":"https:\/\/www.actualidadadiario.com\/index.php\/2017\/08\/04\/los-precandidatos-bahillo-y-gaillard-se-reunieron-con-empresarios-avicolas-de-colon\/","title":{"rendered":"Los precandidatos Bahillo y Gaillard se reunieron con empresarios av\u00edcolas de Col\u00f3n"},"content":{"rendered":"<p><em><strong>\u201cLa industria av\u00edcola representa casi tres mil puestos de trabajo en la zona de Col\u00f3n\u201d, destacaron los precandidatos de Somos Entre R\u00edos en di\u00e1logo con los empresarios de la principal cadena productiva de la provincia, llamaron a recomponer el mercado interno a partir del salario de los trabajadores y se\u00f1alaron las decisiones macroecon\u00f3micas del gobierno nacional que perjudican a las econom\u00edas regionales<\/strong><\/em><\/p>\n<p>&nbsp;<\/p>\n<p>&nbsp;<\/p>\n<p>&nbsp;<\/p>\n<p>\u201cEl 50 por ciento de toda esta problem\u00e1tica se arreglar\u00eda si volvemos a recomponer el mercado interno, pero para eso hay que tener salario de los trabajadores y no que sean deteriorados sistem\u00e1ticamente por la inflaci\u00f3n\u201d, enfatiz\u00f3 Juan Jos\u00e9 Bahillo en di\u00e1logo con los empresarios av\u00edcolas. Estuvieron presentes representantes de Noelma, Las Camelias, Bonin, y Fadel.<\/p>\n<p>&nbsp;<\/p>\n<p>Acompa\u00f1ados por el intendente Mariano Rebord y la diputada provincial Myriam Lambert, Bahillo y Gaillard visitaron las ciudades de Col\u00f3n, San Jos\u00e9 y Villa Elisa.<\/p>\n<p>&nbsp;<\/p>\n<p>Los precandidatos de la lista de Bordet dialogaron con los empresarios que transmitieron su preocupaci\u00f3n ante la \u201ccreciente p\u00e9rdida de competitividad\u201d del sector. Tambi\u00e9n analizaron la situaci\u00f3n de otras econom\u00edas regionales de la provincia.<\/p>\n<p>&nbsp;<\/p>\n<p>\u201cLos empresarios nos manifestaron que hace dos a\u00f1os que no se toman nuevos empleados, y eso habla de la crisis que est\u00e1 atravesando el sector\u201d, remarc\u00f3 Gaillard, y agreg\u00f3: \u201cEllos tienen un compromiso y est\u00e1n haciendo el esfuerzo para sostener, pero necesitamos pol\u00edticas p\u00fablicas por parte del Estado nacional, porque desde all\u00ed es que se dise\u00f1a la pol\u00edtica macroecon\u00f3mica que es la que determina las variables para que las econom\u00edas regionales sean o no competitivas\u201d.<\/p>\n<p>&nbsp;<\/p>\n<p>\u201cHay una retracci\u00f3n de la econom\u00eda, del mercado interno, ha bajado el consumo, y por otra parte est\u00e1 habiendo muchas dificultades que no la tiene solamente el sector av\u00edcola, sino que el resto de las econom\u00edas regionales, los citricultores, tambi\u00e9n los arroceros, que tiene que ver con el aumento de los costos de producci\u00f3n. Entre otras cuestiones el tema de la energ\u00eda el\u00e9ctrica\u201d, subray\u00f3 Gaillard.<\/p>\n<p>&nbsp;<\/p>\n<p>En ese sentido, la actual Diputada nacional adelant\u00f3: \u201cVamos a trabajar con Juan Jos\u00e9 Bahillo el tema de la compensaci\u00f3n de la energ\u00eda\u201d ya que \u201cellos est\u00e1n produciendo energ\u00eda fotovolt\u00e1ica, y aportan a la provincia en energ\u00eda renovable\u201d.<\/p>\n<p>&nbsp;<\/p>\n<p>En tanto, Bahillo sostuvo: \u201cTenemos que volver a tener paritarias libres y no con un tope como ha fijado el gobierno nacional, para que los trabajadores no pierdan el poder adquisitivo\u201d, y se\u00f1al\u00f3 que si no hay \u201cun fuerte mercado interno, no hay proyecto o modelo econ\u00f3mico que se sustente\u201d.<\/p>\n<p>&nbsp;<\/p>\n<p>\u201cApuntalar el mercado interno a partir del salario de los trabajadores se hace fundamental. Ah\u00ed trabaja el comercio, trabaja la pyme. Y esto hay que complementarlo con un sector exportador fuerte, para que la producci\u00f3n pueda seguir creciendo\u201d, explic\u00f3 Bahillo.<\/p>\n<p>&nbsp;<\/p>\n<p>Por otra parte, el presidente de Las Camelias, Ra\u00fal Mars\u00f3, indic\u00f3 que \u201cla actualidad del sector av\u00edcola es que ha bajado sus exportaciones, ha sufrido el shock de la baja de retenci\u00f3n de los cereales, ha aumentado los costos y esta lanzada a producci\u00f3n para un volumen mucho mayor del que puede consumirse dentro del pa\u00eds. Si nosotros no exportamos y no vamos a mejores condiciones de exportaci\u00f3n se va a hacer muy dif\u00edcil\u201d.<\/p>\n<p>&nbsp;<\/p>\n<p>\u201cEstamos en un momento pol\u00edtico a la espera de definiciones y ver despu\u00e9s de octubre hacia d\u00f3nde va nuestro pa\u00eds. Estamos convencidos que el sector av\u00edcola le puede dar al pa\u00eds much\u00edsimas satisfacciones a la hora de crecer. Para esto necesitamos ciertas condiciones para trabajar y eso es lo que venimos a plantear\u201d, remarc\u00f3 Mars\u00f3.<\/p>\n<p>&nbsp;<\/p>\n<p>Por \u00faltimo, el ministro de producci\u00f3n, Carlos Schepens, coincidi\u00f3 en que \u201cla situaci\u00f3n est\u00e1 complicada, y la avicultura es la primera cadena de valor que tiene la producci\u00f3n av\u00edcola\u201d.<\/p>\n<p>&nbsp;<\/p>\n<p>\u201cEn la zona vimos desarrollarse la avicultura durante a\u00f1os, c\u00f3mo se ha perfeccionado y ha ganado los distintos mercados de la exportaci\u00f3n\u201d, remarc\u00f3 Schepens, y reconoci\u00f3 \u201cel esfuerzo de los empresarios y la responsabilidad de cuidar a cientos de familias que dependen de esto. \u201cEs un deber nuestro como representantes del gobierno provincial acompa\u00f1ar al sector para que crezca y se fortalezca\u201d, agreg\u00f3.<\/p>\n","protected":false},"excerpt":{"rendered":"<p>\u201cLa industria av\u00edcola representa casi tres mil puestos de trabajo en la zona de Col\u00f3n\u201d, destacaron los precandidatos de Somos Entre R\u00edos en di\u00e1logo con los empresarios de la principal cadena productiva de la provincia, llamaron a recomponer el mercado interno a partir del salario de los trabajadores y se\u00f1alaron las decisiones macroecon\u00f3micas del gobierno nacional que perjudican a las econom\u00edas regionales &nbsp; &nbsp; &nbsp; \u201cEl 50 por ciento de toda esta problem\u00e1tica se arreglar\u00eda si volvemos a recomponer el mercado interno, pero para eso hay que tener salario de&#8230;<\/p>\n","protected":false},"author":3,"featured_media":15269,"comment_status":"closed","ping_status":"closed","sticky":false,"template":"","format":"standard","meta":[],"categories":[9,15],"tags":[],"_links":{"self":[{"href":"https:\/\/www.actualidadadiario.com\/index.php\/wp-json\/wp\/v2\/posts\/15268"}],"collection":[{"href":"https:\/\/www.actualidadadiario.com\/index.php\/wp-json\/wp\/v2\/posts"}],"about":[{"href":"https:\/\/www.actualidadadiario.com\/index.php\/wp-json\/wp\/v2\/types\/post"}],"author":[{"embeddable":true,"href":"https:\/\/www.actualidadadiario.com\/index.php\/wp-json\/wp\/v2\/users\/3"}],"replies":[{"embeddable":true,"href":"https:\/\/www.actualidadadiario.com\/index.php\/wp-json\/wp\/v2\/comments?post=15268"}],"version-history":[{"count":1,"href":"https:\/\/www.actualidadadiario.com\/index.php\/wp-json\/wp\/v2\/posts\/15268\/revisions"}],"predecessor-version":[{"id":15270,"href":"https:\/\/www.actualidadadiario.com\/index.php\/wp-json\/wp\/v2\/posts\/15268\/revisions\/15270"}],"wp:featuredmedia":[{"embeddable":true,"href":"https:\/\/www.actualidadadiario.com\/index.php\/wp-json\/wp\/v2\/media\/15269"}],"wp:attachment":[{"href":"https:\/\/www.actualidadadiario.com\/index.php\/wp-json\/wp\/v2\/media?parent=15268"}],"wp:term":[{"taxonomy":"category","embeddable":true,"href":"https:\/\/www.actualidadadiario.com\/index.php\/wp-json\/wp\/v2\/categories?post=15268"},{"taxonomy":"post_tag","embeddable":true,"href":"https:\/\/www.actualidadadiario.com\/index.php\/wp-json\/wp\/v2\/tags?post=15268"}],"curies":[{"name":"wp","href":"https:\/\/api.w.org\/{rel}","templated":true}]}}