{"id":15259,"date":"2017-08-04T09:17:17","date_gmt":"2017-08-04T12:17:17","guid":{"rendered":"http:\/\/actualidadadiario.com\/site\/?p=15259"},"modified":"2017-08-04T09:17:17","modified_gmt":"2017-08-04T12:17:17","slug":"se-realizo-un-taller-sobre-diversidad-humana-para-estudiantes-secundarios","status":"publish","type":"post","link":"https:\/\/www.actualidadadiario.com\/index.php\/2017\/08\/04\/se-realizo-un-taller-sobre-diversidad-humana-para-estudiantes-secundarios\/","title":{"rendered":"Se realiz\u00f3 un taller sobre diversidad humana para estudiantes secundarios"},"content":{"rendered":"<p><em><strong>Con el objetivo de generar un espacio reflexivo y de intercambio que fomente el aprendizaje en los estudiantes de escuelas secundarias, se realiz\u00f3 el taller Promoviendo la Diversidad Humana, en Federaci\u00f3n<\/strong><\/em><\/p>\n<p>&nbsp;<\/p>\n<p>&nbsp;<\/p>\n<p>La propuesta estuvo organizada por la Direcci\u00f3n Departamental de Escuelas de Federaci\u00f3n y se realiz\u00f3 en la escuela N\u00b0 7 Francisco Ram\u00edrez, a cargo del equipo t\u00e9cnico interdisciplinario conformado por los profesionales Soledad Salas y Leonardo Rigoni, quienes trabajaron con los estudiantes del Nivel Secundario. La modalidad fue la de taller con el objetivo de generar un espacio de intercambio con los j\u00f3venes que les permita reflexionar sobre el tema.<\/p>\n<p>&nbsp;<\/p>\n<p>Los temas trabajados durante la jornada fueron: discriminaci\u00f3n, autoestima, estereotipos, prejuicios, y c\u00f3mo contrarrestar \u00e9stas pr\u00e1cticas con herramientas como la empat\u00eda, la comunicaci\u00f3n asertiva, la tolerancia, entre otros.<\/p>\n<p>&nbsp;<\/p>\n<p>Desde la Direcci\u00f3n Departamental de Escuelas Federaci\u00f3n informaron que se trabaja constantemente con los equipos interdisciplinarios en el abordaje de distintas problem\u00e1ticas sociales que se manifiestan en el \u00e1mbito escolar.<\/p>\n<p>&nbsp;<\/p>\n<p>La jornada se realiz\u00f3 en la escuela N\u00b0 7 Francisco Ram\u00edrez, ubicada en Colonia Freitas, ruta provincial 2 Paraje San Pedro, Federaci\u00f3n.<\/p>\n","protected":false},"excerpt":{"rendered":"<p>Con el objetivo de generar un espacio reflexivo y de intercambio que fomente el aprendizaje en los estudiantes de escuelas secundarias, se realiz\u00f3 el taller Promoviendo la Diversidad Humana, en Federaci\u00f3n &nbsp; &nbsp; La propuesta estuvo organizada por la Direcci\u00f3n Departamental de Escuelas de Federaci\u00f3n y se realiz\u00f3 en la escuela N\u00b0 7 Francisco Ram\u00edrez, a cargo del equipo t\u00e9cnico interdisciplinario conformado por los profesionales Soledad Salas y Leonardo Rigoni, quienes trabajaron con los estudiantes del Nivel Secundario. La modalidad fue la de taller con el objetivo de generar un&#8230;<\/p>\n","protected":false},"author":3,"featured_media":15260,"comment_status":"closed","ping_status":"closed","sticky":false,"template":"","format":"standard","meta":[],"categories":[15],"tags":[],"_links":{"self":[{"href":"https:\/\/www.actualidadadiario.com\/index.php\/wp-json\/wp\/v2\/posts\/15259"}],"collection":[{"href":"https:\/\/www.actualidadadiario.com\/index.php\/wp-json\/wp\/v2\/posts"}],"about":[{"href":"https:\/\/www.actualidadadiario.com\/index.php\/wp-json\/wp\/v2\/types\/post"}],"author":[{"embeddable":true,"href":"https:\/\/www.actualidadadiario.com\/index.php\/wp-json\/wp\/v2\/users\/3"}],"replies":[{"embeddable":true,"href":"https:\/\/www.actualidadadiario.com\/index.php\/wp-json\/wp\/v2\/comments?post=15259"}],"version-history":[{"count":1,"href":"https:\/\/www.actualidadadiario.com\/index.php\/wp-json\/wp\/v2\/posts\/15259\/revisions"}],"predecessor-version":[{"id":15261,"href":"https:\/\/www.actualidadadiario.com\/index.php\/wp-json\/wp\/v2\/posts\/15259\/revisions\/15261"}],"wp:featuredmedia":[{"embeddable":true,"href":"https:\/\/www.actualidadadiario.com\/index.php\/wp-json\/wp\/v2\/media\/15260"}],"wp:attachment":[{"href":"https:\/\/www.actualidadadiario.com\/index.php\/wp-json\/wp\/v2\/media?parent=15259"}],"wp:term":[{"taxonomy":"category","embeddable":true,"href":"https:\/\/www.actualidadadiario.com\/index.php\/wp-json\/wp\/v2\/categories?post=15259"},{"taxonomy":"post_tag","embeddable":true,"href":"https:\/\/www.actualidadadiario.com\/index.php\/wp-json\/wp\/v2\/tags?post=15259"}],"curies":[{"name":"wp","href":"https:\/\/api.w.org\/{rel}","templated":true}]}}