{"id":15243,"date":"2017-08-03T09:24:29","date_gmt":"2017-08-03T12:24:29","guid":{"rendered":"http:\/\/actualidadadiario.com\/site\/?p=15243"},"modified":"2017-08-03T09:24:29","modified_gmt":"2017-08-03T12:24:29","slug":"el-congreso-de-chile-aprueba-la-despenalizacion-del-aborto-en-tres-casos","status":"publish","type":"post","link":"https:\/\/www.actualidadadiario.com\/index.php\/2017\/08\/03\/el-congreso-de-chile-aprueba-la-despenalizacion-del-aborto-en-tres-casos\/","title":{"rendered":"El Congreso de Chile aprueba la despenalizaci\u00f3n del aborto en tres casos"},"content":{"rendered":"<p><em><strong>El proyecto de ley del Gobierno de Bachelet tendr\u00e1 que ser revisado por el Tribunal Constitucional tras los reclamos de la derecha<\/strong><\/em><\/p>\n<p>&nbsp;<\/p>\n<p>&nbsp;<\/p>\n<p>&nbsp;<\/p>\n<p>El Congreso chileno aprob\u00f3 este mi\u00e9rcoles uno de los proyectos de ley de mayor simbolismo de la segunda Administraci\u00f3n de Michelle Bachelet (2014-2018): la despenalizaci\u00f3n del aborto en caso de riesgo de vida de la mujer, inviabilidad fetal y violaci\u00f3n. Pese a que la resoluci\u00f3n del Parlamento ha sido catalogada de hist\u00f3rica, porque Chile pertenece al grupo de siete pa\u00edses del mundo que persiguen las interrupciones del embarazo en todas las circunstancias, la decisi\u00f3n final la tendr\u00e1 el Tribunal Constitucional. Tras dos requerimientos de la derecha, que se opone al proyecto, el organismo aut\u00f3nomo deber\u00e1 estudiar si admite los reclamos. Posteriormente, tendr\u00e1 un plazo de 10 d\u00edas para dictar el fallo inapelable.<\/p>\n<p>&nbsp;<\/p>\n<p>&nbsp;<\/p>\n<p>\u201cHoy las mujeres recuperamos un derecho b\u00e1sico que nunca debimos perder: decidir cu\u00e1ndo vivimos momentos de dolor. #YoApoyo3Causales\u201d, escribi\u00f3 en Twitter la presidenta Michelle Bachelet luego del triunfo en el Congreso.<\/p>\n<p>&nbsp;<\/p>\n<p>La derecha, en tanto, considera que el proyecto de despenalizaci\u00f3n del aborto en tres causas contradice la Constituci\u00f3n, que consagra el derecho a la vida. \u201cLa Constituci\u00f3n protege la vida del que est\u00e1 por nacer. Por lo tanto, este proyecto atenta contra el ordenamiento constitucional y queremos y esperamos que la discusi\u00f3n que se d\u00e9 en el Tribunal Constitucional sea jur\u00eddica\u201d, indic\u00f3 este mi\u00e9rcoles la senadora y presidenta del partido UDI, Jacqueline Van Rysselberghe, despu\u00e9s de entregar oficialmente el requerimiento respaldado por 11 congresistas de su sector.<\/p>\n<p>&nbsp;<\/p>\n<p>Pese a las nuevas trabas que deber\u00e1 enfrentar el proyecto de ley, su aprobaci\u00f3n en el Congreso represent\u00f3 una victoria para el Gobierno, luego de dos a\u00f1os de discusi\u00f3n. \u201cQueremos agradecerles a todos los parlamentarios y parlamentarias por habernos permitido legislar\u201d, indic\u00f3 la ministra de la Mujer, Claudia Pascual.<\/p>\n<p>&nbsp;<\/p>\n<p>En Chile exist\u00eda el derecho al aborto terap\u00e9utico desde 1931, pero seis meses antes de que terminara la dictadura de Augusto Pinochet, en septiembre de 1989, el r\u00e9gimen dictamin\u00f3: \u201cNo podr\u00e1 ejecutarse ninguna acci\u00f3n cuyo fin sea provocar un aborto\u201d. La ley lo proh\u00edbe y tambi\u00e9n lo persigue: entre 2010 y 2014, hubo 497 imputados por aborto consentido, de acuerdo a la informaci\u00f3n de la ONG Miles Chile. Del total, un 86% eran mujeres y 14%, hombres.<\/p>\n<p>&nbsp;<\/p>\n<p>La iniciativa aprobada pretende despenalizar un peque\u00f1o porcentaje de los cerca de 70.000 abortos que se realizan anualmente en Chile, pese a su ilegalidad.<\/p>\n<p>&nbsp;<\/p>\n<p>El proyecto fue discutido durante dos a\u00f1os, pero desde llegada la democracia, en 1990, los gobiernos de centroizquierda no tuvieron ni la fuerza ni contaron con las condiciones pol\u00edticas para despenalizar al aborto en los casos de mayor complejidad. En mayo de 2014, a dos meses de iniciar su segunda Administraci\u00f3n y como hab\u00eda prometido en la \u00e9poca de campa\u00f1a y en su programa, Bachelet anunci\u00f3 su proyecto de ley en la primera cuenta p\u00fablica ante el Congreso. En febrero de 2015, la socialista despach\u00f3 la iniciativa legal al Parlamento. En marzo de 2016, en un primer tr\u00e1mite legislativo, la C\u00e1mara aprob\u00f3 la despenalizaci\u00f3n en tres casos. Hace dos semanas estuvo a un paso de aprobarse, pero la votaci\u00f3n de un parlamentario democristiano retras\u00f3 la discusi\u00f3n en el Parlamento.<\/p>\n<p>&nbsp;<\/p>\n<p>Fue un proceso cargado de complejidades, que tuvo entre sus opositores a la Iglesia cat\u00f3lica y a grupos conservadores tanto de la derecha como del centroizquierda, pese a que la despenalizaci\u00f3n del aborto en tres casos es respaldada al menos por un 70% de la poblaci\u00f3n.<\/p>\n","protected":false},"excerpt":{"rendered":"<p>El proyecto de ley del Gobierno de Bachelet tendr\u00e1 que ser revisado por el Tribunal Constitucional tras los reclamos de la derecha &nbsp; &nbsp; &nbsp; El Congreso chileno aprob\u00f3 este mi\u00e9rcoles uno de los proyectos de ley de mayor simbolismo de la segunda Administraci\u00f3n de Michelle Bachelet (2014-2018): la despenalizaci\u00f3n del aborto en caso de riesgo de vida de la mujer, inviabilidad fetal y violaci\u00f3n. Pese a que la resoluci\u00f3n del Parlamento ha sido catalogada de hist\u00f3rica, porque Chile pertenece al grupo de siete pa\u00edses del mundo que persiguen las&#8230;<\/p>\n","protected":false},"author":3,"featured_media":15244,"comment_status":"closed","ping_status":"closed","sticky":false,"template":"","format":"standard","meta":[],"categories":[4],"tags":[],"_links":{"self":[{"href":"https:\/\/www.actualidadadiario.com\/index.php\/wp-json\/wp\/v2\/posts\/15243"}],"collection":[{"href":"https:\/\/www.actualidadadiario.com\/index.php\/wp-json\/wp\/v2\/posts"}],"about":[{"href":"https:\/\/www.actualidadadiario.com\/index.php\/wp-json\/wp\/v2\/types\/post"}],"author":[{"embeddable":true,"href":"https:\/\/www.actualidadadiario.com\/index.php\/wp-json\/wp\/v2\/users\/3"}],"replies":[{"embeddable":true,"href":"https:\/\/www.actualidadadiario.com\/index.php\/wp-json\/wp\/v2\/comments?post=15243"}],"version-history":[{"count":1,"href":"https:\/\/www.actualidadadiario.com\/index.php\/wp-json\/wp\/v2\/posts\/15243\/revisions"}],"predecessor-version":[{"id":15245,"href":"https:\/\/www.actualidadadiario.com\/index.php\/wp-json\/wp\/v2\/posts\/15243\/revisions\/15245"}],"wp:featuredmedia":[{"embeddable":true,"href":"https:\/\/www.actualidadadiario.com\/index.php\/wp-json\/wp\/v2\/media\/15244"}],"wp:attachment":[{"href":"https:\/\/www.actualidadadiario.com\/index.php\/wp-json\/wp\/v2\/media?parent=15243"}],"wp:term":[{"taxonomy":"category","embeddable":true,"href":"https:\/\/www.actualidadadiario.com\/index.php\/wp-json\/wp\/v2\/categories?post=15243"},{"taxonomy":"post_tag","embeddable":true,"href":"https:\/\/www.actualidadadiario.com\/index.php\/wp-json\/wp\/v2\/tags?post=15243"}],"curies":[{"name":"wp","href":"https:\/\/api.w.org\/{rel}","templated":true}]}}