{"id":15237,"date":"2017-08-03T09:23:01","date_gmt":"2017-08-03T12:23:01","guid":{"rendered":"http:\/\/actualidadadiario.com\/site\/?p=15237"},"modified":"2017-08-03T09:23:01","modified_gmt":"2017-08-03T12:23:01","slug":"la-camara-de-diputados-rechazo-la-denuncia-y-salvo-a-temer","status":"publish","type":"post","link":"https:\/\/www.actualidadadiario.com\/index.php\/2017\/08\/03\/la-camara-de-diputados-rechazo-la-denuncia-y-salvo-a-temer\/","title":{"rendered":"La C\u00e1mara de Diputados rechaz\u00f3 la denuncia y salv\u00f3 a Temer"},"content":{"rendered":"<p><em><strong>El presidente de Brasil evit\u00f3 una suspensi\u00f3n de seis meses luego de que el oficialismo reuniera los votos necesarios en la C\u00e1mara de Diputados para evitar que prosperara esa medida<\/strong><\/em><\/p>\n<p>&nbsp;<\/p>\n<p>&nbsp;<\/p>\n<p>&nbsp;<\/p>\n<p>El presidente de Brasil, Michel Temer, logr\u00f3 sobrevivir esta noche a una suspensi\u00f3n de seis meses del cargo luego de que el oficialismo ganara por 263 a 227 la votaci\u00f3n en la C\u00e1mara de Diputados para rechazar la denuncia por corrupci\u00f3n que le hizo el fiscal general, Rodrigo Janot, quien lo acusa de negociar y recibir sobornos.<\/p>\n<p>&nbsp;<\/p>\n<p>&#8220;Es una victoria del Estado de derecho y de la ley&#8221;, dijo Temer en un pronunciamiento en el Palacio del Planalto, luego de que el oficialismo superara con holgura los 172 votos que necesitaba para archivar la denuncia por corrupci\u00f3n, la primera realizada por un fiscal general contra un presidente en ejercicio.<\/p>\n<p>&nbsp;<\/p>\n<p>Para que la denuncia fuera aceptada y Temer suspendido durante seis meses hasta un veredicto del Supremo Tribunal Federal (STF, corte suprema), eran necesarios dos tercios de los votos de los 513 diputados.<\/p>\n<p>&nbsp;<\/p>\n<p>Ahora, el Supremo Tribunal Federal deber\u00e1 decidir el camino de la denuncia, que debe volver a ser evaluada cuando el presidente Temer abandone el cargo y pierda los fueros.<\/p>\n","protected":false},"excerpt":{"rendered":"<p>El presidente de Brasil evit\u00f3 una suspensi\u00f3n de seis meses luego de que el oficialismo reuniera los votos necesarios en la C\u00e1mara de Diputados para evitar que prosperara esa medida &nbsp; &nbsp; &nbsp; El presidente de Brasil, Michel Temer, logr\u00f3 sobrevivir esta noche a una suspensi\u00f3n de seis meses del cargo luego de que el oficialismo ganara por 263 a 227 la votaci\u00f3n en la C\u00e1mara de Diputados para rechazar la denuncia por corrupci\u00f3n que le hizo el fiscal general, Rodrigo Janot, quien lo acusa de negociar y recibir sobornos&#8230;.<\/p>\n","protected":false},"author":3,"featured_media":15238,"comment_status":"closed","ping_status":"closed","sticky":false,"template":"","format":"standard","meta":[],"categories":[4],"tags":[],"_links":{"self":[{"href":"https:\/\/www.actualidadadiario.com\/index.php\/wp-json\/wp\/v2\/posts\/15237"}],"collection":[{"href":"https:\/\/www.actualidadadiario.com\/index.php\/wp-json\/wp\/v2\/posts"}],"about":[{"href":"https:\/\/www.actualidadadiario.com\/index.php\/wp-json\/wp\/v2\/types\/post"}],"author":[{"embeddable":true,"href":"https:\/\/www.actualidadadiario.com\/index.php\/wp-json\/wp\/v2\/users\/3"}],"replies":[{"embeddable":true,"href":"https:\/\/www.actualidadadiario.com\/index.php\/wp-json\/wp\/v2\/comments?post=15237"}],"version-history":[{"count":1,"href":"https:\/\/www.actualidadadiario.com\/index.php\/wp-json\/wp\/v2\/posts\/15237\/revisions"}],"predecessor-version":[{"id":15239,"href":"https:\/\/www.actualidadadiario.com\/index.php\/wp-json\/wp\/v2\/posts\/15237\/revisions\/15239"}],"wp:featuredmedia":[{"embeddable":true,"href":"https:\/\/www.actualidadadiario.com\/index.php\/wp-json\/wp\/v2\/media\/15238"}],"wp:attachment":[{"href":"https:\/\/www.actualidadadiario.com\/index.php\/wp-json\/wp\/v2\/media?parent=15237"}],"wp:term":[{"taxonomy":"category","embeddable":true,"href":"https:\/\/www.actualidadadiario.com\/index.php\/wp-json\/wp\/v2\/categories?post=15237"},{"taxonomy":"post_tag","embeddable":true,"href":"https:\/\/www.actualidadadiario.com\/index.php\/wp-json\/wp\/v2\/tags?post=15237"}],"curies":[{"name":"wp","href":"https:\/\/api.w.org\/{rel}","templated":true}]}}