{"id":15228,"date":"2017-08-03T09:19:59","date_gmt":"2017-08-03T12:19:59","guid":{"rendered":"http:\/\/actualidadadiario.com\/site\/?p=15228"},"modified":"2017-08-03T09:19:59","modified_gmt":"2017-08-03T12:19:59","slug":"carrio-esta-a-favor-de-que-la-edad-jubilatoria-sea-opcional","status":"publish","type":"post","link":"https:\/\/www.actualidadadiario.com\/index.php\/2017\/08\/03\/carrio-esta-a-favor-de-que-la-edad-jubilatoria-sea-opcional\/","title":{"rendered":"Carri\u00f3 est\u00e1 a favor de que la edad jubilatoria sea opcional"},"content":{"rendered":"<p><em><strong>&#8220;Hay que avanzar, pero por medio de una comisi\u00f3n bicameral y con directa intervenci\u00f3n del Congreso&#8221;, sostuvo la diputada, al ser consultada sobre una posible reforma del sistema jubilatorio<\/strong><\/em><\/p>\n<p>&nbsp;<\/p>\n<p>&nbsp;<\/p>\n<p>&nbsp;<\/p>\n<p>La precandidata a diputada de Cambiemos por la Capital, Elisa Carri\u00f3, se mostr\u00f3 a favor de una reforma previsional que haga opcional la edad jubilatoria.<\/p>\n<p>&nbsp;<\/p>\n<p>&#8220;Hay que avanzar, pero por medio de una comisi\u00f3n bicameral y con directa intervenci\u00f3n del Congreso&#8221;, sostuvo Carri\u00f3, al ser consultada sobre una posible reforma del sistema jubilatorio.<\/p>\n<p>&nbsp;<\/p>\n<p>Adem\u00e1s, se\u00f1al\u00f3 en declaraciones period\u00edsticas que el sistema deber\u00eda contemplar la opci\u00f3n de la edad jubilatoria entre los 60 y los 65 a\u00f1os.<\/p>\n<p>&nbsp;<\/p>\n<p>&#8220;Hay gente que quiere seguir trabajando, otra que no, entonces que se jubilen cuando quieran&#8221;, destac\u00f3 la actual diputada.<\/p>\n<p>&nbsp;<\/p>\n<p>Por otra parte, la actual legisladora coincidi\u00f3 con el presidente Mauricio Macri y con la vicepresidenta Gabriela Michetti que s\u00f3lo deber\u00edan celebrarse elecciones cada cuatro a\u00f1os.<\/p>\n<p>&nbsp;<\/p>\n<p>&#8220;Son demasiadas las elecciones para una gesti\u00f3n. Adem\u00e1s servir\u00eda para la consolidaci\u00f3n de los diputados&#8221;, sostuvo la legisladora.<\/p>\n","protected":false},"excerpt":{"rendered":"<p>&#8220;Hay que avanzar, pero por medio de una comisi\u00f3n bicameral y con directa intervenci\u00f3n del Congreso&#8221;, sostuvo la diputada, al ser consultada sobre una posible reforma del sistema jubilatorio &nbsp; &nbsp; &nbsp; La precandidata a diputada de Cambiemos por la Capital, Elisa Carri\u00f3, se mostr\u00f3 a favor de una reforma previsional que haga opcional la edad jubilatoria. &nbsp; &#8220;Hay que avanzar, pero por medio de una comisi\u00f3n bicameral y con directa intervenci\u00f3n del Congreso&#8221;, sostuvo Carri\u00f3, al ser consultada sobre una posible reforma del sistema jubilatorio. &nbsp; Adem\u00e1s, se\u00f1al\u00f3 en&#8230;<\/p>\n","protected":false},"author":3,"featured_media":15229,"comment_status":"closed","ping_status":"closed","sticky":false,"template":"","format":"standard","meta":[],"categories":[18],"tags":[],"_links":{"self":[{"href":"https:\/\/www.actualidadadiario.com\/index.php\/wp-json\/wp\/v2\/posts\/15228"}],"collection":[{"href":"https:\/\/www.actualidadadiario.com\/index.php\/wp-json\/wp\/v2\/posts"}],"about":[{"href":"https:\/\/www.actualidadadiario.com\/index.php\/wp-json\/wp\/v2\/types\/post"}],"author":[{"embeddable":true,"href":"https:\/\/www.actualidadadiario.com\/index.php\/wp-json\/wp\/v2\/users\/3"}],"replies":[{"embeddable":true,"href":"https:\/\/www.actualidadadiario.com\/index.php\/wp-json\/wp\/v2\/comments?post=15228"}],"version-history":[{"count":1,"href":"https:\/\/www.actualidadadiario.com\/index.php\/wp-json\/wp\/v2\/posts\/15228\/revisions"}],"predecessor-version":[{"id":15230,"href":"https:\/\/www.actualidadadiario.com\/index.php\/wp-json\/wp\/v2\/posts\/15228\/revisions\/15230"}],"wp:featuredmedia":[{"embeddable":true,"href":"https:\/\/www.actualidadadiario.com\/index.php\/wp-json\/wp\/v2\/media\/15229"}],"wp:attachment":[{"href":"https:\/\/www.actualidadadiario.com\/index.php\/wp-json\/wp\/v2\/media?parent=15228"}],"wp:term":[{"taxonomy":"category","embeddable":true,"href":"https:\/\/www.actualidadadiario.com\/index.php\/wp-json\/wp\/v2\/categories?post=15228"},{"taxonomy":"post_tag","embeddable":true,"href":"https:\/\/www.actualidadadiario.com\/index.php\/wp-json\/wp\/v2\/tags?post=15228"}],"curies":[{"name":"wp","href":"https:\/\/api.w.org\/{rel}","templated":true}]}}