{"id":15225,"date":"2017-08-03T09:19:21","date_gmt":"2017-08-03T12:19:21","guid":{"rendered":"http:\/\/actualidadadiario.com\/site\/?p=15225"},"modified":"2017-08-03T09:19:21","modified_gmt":"2017-08-03T12:19:21","slug":"gerardo-morales-cargo-contra-la-cidh-son-burocratas-que-no-conocen-lo-que-pasa","status":"publish","type":"post","link":"https:\/\/www.actualidadadiario.com\/index.php\/2017\/08\/03\/gerardo-morales-cargo-contra-la-cidh-son-burocratas-que-no-conocen-lo-que-pasa\/","title":{"rendered":"Gerardo Morales, carg\u00f3 contra la CIDH: &#8220;Son bur\u00f3cratas que no conocen lo que pasa&#8221;"},"content":{"rendered":"<p><em><strong>El gobernador juje\u00f1o consider\u00f3 que la Comisi\u00f3n Interamericana de Derechos Humanos &#8220;intenta otorgar un injusto privilegio&#8221; a Milagro Sala<\/strong><\/em><\/p>\n<p>&nbsp;<\/p>\n<p>&nbsp;<\/p>\n<p>&nbsp;<\/p>\n<p>&nbsp;<\/p>\n<p>El gobernador de Jujuy, Gerardo Morales, cuestion\u00f3 este mi\u00e9rcoles la cautelar de la Comisi\u00f3n Interamericana de Derechos Humanos (CIDH) a favor de la l\u00edder de la Tupac Amaru, Milagro Sala, y consider\u00f3 que se le &#8220;intenta otorgar un injusto privilegio&#8221; a la dirigente detenida, al tiempo que tild\u00f3 a los integrantes del organismo como &#8220;bur\u00f3cratas&#8221; que &#8220;no conocen lo que pasa&#8221; en la provincia.<\/p>\n<p>&nbsp;<\/p>\n<p>&#8220;Lamento que la CIDH haya puesto el foco en la situaci\u00f3n de la salud, de la integridad f\u00edsica en el caso Milagro Sala, cuando ac\u00e1 dijeron otra cosa; dijeron que todo eso estaba garantizado&#8221;, se quej\u00f3 el mandatario norte\u00f1o en declaraciones reproducidas por medios de prensa locales.<\/p>\n<p>&nbsp;<\/p>\n<p>Durante un acto de campa\u00f1a que encabez\u00f3 el presidente Mauricio Macri en el barrio capitalino de Alto Comedero, donde tambi\u00e9n est\u00e1 la c\u00e1rcel que alberga a la dirigente opositora, el referente de la UCR afirm\u00f3 que hay &#8220;mucha preocupaci\u00f3n&#8221; por &#8220;el cariz pol\u00edtico&#8221; que tom\u00f3 la cautelar y el &#8220;desprestigio&#8221; que resulta para el organismo.<\/p>\n<p>&nbsp;<\/p>\n<p>&#8220;Se han terminado convirtiendo en una facci\u00f3n de bur\u00f3cratas que vive en Washington y no conoce la realidad de Jujuy&#8221;, lanz\u00f3 el exsenador en la sede de la Federaci\u00f3n Gaucha Juje\u00f1a, en donde manifest\u00f3 que el fallo del organismo internacional &#8220;es m\u00e1s que nada una proclama pol\u00edtica&#8221;.<\/p>\n<p>&nbsp;<\/p>\n<p>Y remarc\u00f3: &#8220;Es un injusto privilegio que se le intenta otorgar a Milagro Sala.<\/p>\n<p>&nbsp;<\/p>\n<p>Los corruptos tienen que estar presos, y los corruptos violentos m\u00e1s aun y \u00e9se es este caso que est\u00e1 probado&#8221;.<\/p>\n<p>&nbsp;<\/p>\n<p>Asimismo, Morales consider\u00f3 que &#8220;tiene que haber un replanteo internacional sobre esta situaci\u00f3n, sobre el rumbo que toma el sistema interamericano de derecho&#8221;, aunque reconoci\u00f3 que la resoluci\u00f3n de la CIDH &#8220;guste o no, debe ser cumplida&#8221;.<\/p>\n","protected":false},"excerpt":{"rendered":"<p>El gobernador juje\u00f1o consider\u00f3 que la Comisi\u00f3n Interamericana de Derechos Humanos &#8220;intenta otorgar un injusto privilegio&#8221; a Milagro Sala &nbsp; &nbsp; &nbsp; &nbsp; El gobernador de Jujuy, Gerardo Morales, cuestion\u00f3 este mi\u00e9rcoles la cautelar de la Comisi\u00f3n Interamericana de Derechos Humanos (CIDH) a favor de la l\u00edder de la Tupac Amaru, Milagro Sala, y consider\u00f3 que se le &#8220;intenta otorgar un injusto privilegio&#8221; a la dirigente detenida, al tiempo que tild\u00f3 a los integrantes del organismo como &#8220;bur\u00f3cratas&#8221; que &#8220;no conocen lo que pasa&#8221; en la provincia. &nbsp; &#8220;Lamento que&#8230;<\/p>\n","protected":false},"author":3,"featured_media":15226,"comment_status":"closed","ping_status":"closed","sticky":false,"template":"","format":"standard","meta":[],"categories":[18],"tags":[],"_links":{"self":[{"href":"https:\/\/www.actualidadadiario.com\/index.php\/wp-json\/wp\/v2\/posts\/15225"}],"collection":[{"href":"https:\/\/www.actualidadadiario.com\/index.php\/wp-json\/wp\/v2\/posts"}],"about":[{"href":"https:\/\/www.actualidadadiario.com\/index.php\/wp-json\/wp\/v2\/types\/post"}],"author":[{"embeddable":true,"href":"https:\/\/www.actualidadadiario.com\/index.php\/wp-json\/wp\/v2\/users\/3"}],"replies":[{"embeddable":true,"href":"https:\/\/www.actualidadadiario.com\/index.php\/wp-json\/wp\/v2\/comments?post=15225"}],"version-history":[{"count":1,"href":"https:\/\/www.actualidadadiario.com\/index.php\/wp-json\/wp\/v2\/posts\/15225\/revisions"}],"predecessor-version":[{"id":15227,"href":"https:\/\/www.actualidadadiario.com\/index.php\/wp-json\/wp\/v2\/posts\/15225\/revisions\/15227"}],"wp:featuredmedia":[{"embeddable":true,"href":"https:\/\/www.actualidadadiario.com\/index.php\/wp-json\/wp\/v2\/media\/15226"}],"wp:attachment":[{"href":"https:\/\/www.actualidadadiario.com\/index.php\/wp-json\/wp\/v2\/media?parent=15225"}],"wp:term":[{"taxonomy":"category","embeddable":true,"href":"https:\/\/www.actualidadadiario.com\/index.php\/wp-json\/wp\/v2\/categories?post=15225"},{"taxonomy":"post_tag","embeddable":true,"href":"https:\/\/www.actualidadadiario.com\/index.php\/wp-json\/wp\/v2\/tags?post=15225"}],"curies":[{"name":"wp","href":"https:\/\/api.w.org\/{rel}","templated":true}]}}