{"id":15222,"date":"2017-08-03T09:18:36","date_gmt":"2017-08-03T12:18:36","guid":{"rendered":"http:\/\/actualidadadiario.com\/site\/?p=15222"},"modified":"2017-08-03T09:18:36","modified_gmt":"2017-08-03T12:18:36","slug":"myriam-bregman-acuso-a-cambiemos-de-jugarse-la-plata-de-los-jubilados-en-la-bolsa","status":"publish","type":"post","link":"https:\/\/www.actualidadadiario.com\/index.php\/2017\/08\/03\/myriam-bregman-acuso-a-cambiemos-de-jugarse-la-plata-de-los-jubilados-en-la-bolsa\/","title":{"rendered":"Myriam Bregman acus\u00f3 a Cambiemos de &#8220;jugarse la plata de los jubilados en la Bolsa&#8221;"},"content":{"rendered":"<p><em><strong>La precandidata a legisladora porte\u00f1a por el Frente de Izquierda y los Trabajadores, Myriam Bregman se opuso rotundamente a la propuesta de una reforma previsional por parte de Cambiemos<\/strong><\/em><\/p>\n<p>&nbsp;<\/p>\n<p>&nbsp;<\/p>\n<p>&nbsp;<\/p>\n<p>Myriam Bregman, precandidata junto a Nicol\u00e1s del Ca\u00f1o a legisladores porte\u00f1os por el FIT denunci\u00f3 que el Gobierno de Mauricio Macri &#8220;se juega en la Bolsa la plata de los jubilados&#8221; y que el blanco de ataque de Cambiemos &#8220;son los jubilados&#8221;.<\/p>\n<p>&nbsp;<\/p>\n<p>Bregman difundi\u00f3 un comunicado del FIT donde denuncia adem\u00e1s que Cambiemos &#8220;Ya lo hizo con la enga\u00f1osa reparaci\u00f3n hist\u00f3rica, apropi\u00e1ndose de dinero que deb\u00eda ser devuelto a los jubilados, y al implementar la Pensi\u00f3n Universal para el Adulto Mayor. Con este sistema deja afuera a los que tienen m\u00e1s de 65 a\u00f1os, que pasan a percibir un haber 20 por ciento m\u00e1s bajo que el m\u00ednimo\u201d.<\/p>\n<p>&nbsp;<\/p>\n<p>Adem\u00e1s asegur\u00f3 que &#8220;el recorte en la provisi\u00f3n de medicamentos gratuitos y el aumento del precio de los mismos&#8221; demuestra que el Gobierno Nacional &#8220;desfinancia el Fondo de Garant\u00eda de Sustentabilidad&#8221; porque apuesta &#8220;en la Bolsa con el dinero de los jubilados&#8221;.<\/p>\n<p>&nbsp;<\/p>\n<p>Tambi\u00e9n advirti\u00f3 que ahora &#8220;preparan otro ataque que incluir\u00eda una reducci\u00f3n en los aportes patronales y un aumento en la presi\u00f3n fiscal de los monotributistas. Decir que la suba de la edad jubilatoria ser\u00e1 voluntaria cuando los pagos son miserables es una extorsi\u00f3n inadmisible&#8221;.<\/p>\n<p>&nbsp;<\/p>\n<p>Para Bregman, los 6.394 pesos de jubilaci\u00f3n m\u00ednima que perciben los pensionados \u201cson una condena que sufre la abrumadora mayor\u00eda de ellos\u201d, y estim\u00f3 que \u201cel haber para un trabajador que se retira deber\u00eda estar en los 16.000 pesos mensuales\u201d.<\/p>\n<p>&nbsp;<\/p>\n<p>\u201cEl Frente de Izquierda promueve la restituci\u00f3n de las contribuciones patronales que baj\u00f3 el ex ministro de Econom\u00eda, Domingo Cavallo. Con el blanqueo de los trabajadores no registrados y en condiciones de informalidad, entre otras, se podr\u00eda lograr un aumento de los haberes jubilatorios y el 82% m\u00f3vil del salario activo\u201d, subray\u00f3 la candidata del FIT.<\/p>\n","protected":false},"excerpt":{"rendered":"<p>La precandidata a legisladora porte\u00f1a por el Frente de Izquierda y los Trabajadores, Myriam Bregman se opuso rotundamente a la propuesta de una reforma previsional por parte de Cambiemos &nbsp; &nbsp; &nbsp; Myriam Bregman, precandidata junto a Nicol\u00e1s del Ca\u00f1o a legisladores porte\u00f1os por el FIT denunci\u00f3 que el Gobierno de Mauricio Macri &#8220;se juega en la Bolsa la plata de los jubilados&#8221; y que el blanco de ataque de Cambiemos &#8220;son los jubilados&#8221;. &nbsp; Bregman difundi\u00f3 un comunicado del FIT donde denuncia adem\u00e1s que Cambiemos &#8220;Ya lo hizo con&#8230;<\/p>\n","protected":false},"author":3,"featured_media":15223,"comment_status":"closed","ping_status":"closed","sticky":false,"template":"","format":"standard","meta":[],"categories":[18],"tags":[],"_links":{"self":[{"href":"https:\/\/www.actualidadadiario.com\/index.php\/wp-json\/wp\/v2\/posts\/15222"}],"collection":[{"href":"https:\/\/www.actualidadadiario.com\/index.php\/wp-json\/wp\/v2\/posts"}],"about":[{"href":"https:\/\/www.actualidadadiario.com\/index.php\/wp-json\/wp\/v2\/types\/post"}],"author":[{"embeddable":true,"href":"https:\/\/www.actualidadadiario.com\/index.php\/wp-json\/wp\/v2\/users\/3"}],"replies":[{"embeddable":true,"href":"https:\/\/www.actualidadadiario.com\/index.php\/wp-json\/wp\/v2\/comments?post=15222"}],"version-history":[{"count":1,"href":"https:\/\/www.actualidadadiario.com\/index.php\/wp-json\/wp\/v2\/posts\/15222\/revisions"}],"predecessor-version":[{"id":15224,"href":"https:\/\/www.actualidadadiario.com\/index.php\/wp-json\/wp\/v2\/posts\/15222\/revisions\/15224"}],"wp:featuredmedia":[{"embeddable":true,"href":"https:\/\/www.actualidadadiario.com\/index.php\/wp-json\/wp\/v2\/media\/15223"}],"wp:attachment":[{"href":"https:\/\/www.actualidadadiario.com\/index.php\/wp-json\/wp\/v2\/media?parent=15222"}],"wp:term":[{"taxonomy":"category","embeddable":true,"href":"https:\/\/www.actualidadadiario.com\/index.php\/wp-json\/wp\/v2\/categories?post=15222"},{"taxonomy":"post_tag","embeddable":true,"href":"https:\/\/www.actualidadadiario.com\/index.php\/wp-json\/wp\/v2\/tags?post=15222"}],"curies":[{"name":"wp","href":"https:\/\/api.w.org\/{rel}","templated":true}]}}