{"id":15219,"date":"2017-08-03T09:17:54","date_gmt":"2017-08-03T12:17:54","guid":{"rendered":"http:\/\/actualidadadiario.com\/site\/?p=15219"},"modified":"2017-08-03T09:21:05","modified_gmt":"2017-08-03T12:21:05","slug":"triaca-sobre-los-trabajadores-tenemos-que-discutir-que-privilegios-cede-cada-sector","status":"publish","type":"post","link":"https:\/\/www.actualidadadiario.com\/index.php\/2017\/08\/03\/triaca-sobre-los-trabajadores-tenemos-que-discutir-que-privilegios-cede-cada-sector\/","title":{"rendered":"Triaca sobre los trabajadores: &#8220;Tenemos que discutir qu\u00e9 privilegios cede cada sector&#8221;"},"content":{"rendered":"<p><em><strong>El ministro de Trabajo insisti\u00f3 con la intenci\u00f3n del Gobierno de avanzar sobre los derechos sindicales de los trabajadores argentinos<\/strong><\/em><\/p>\n<p>&nbsp;<\/p>\n<p>&nbsp;<\/p>\n<p>&nbsp;<\/p>\n<p>&nbsp;<\/p>\n<p>De entrada, vale advertir: para el ministro de Trabajo de la Naci\u00f3n, los derechos adquiridos por los trabajadores a lo largo de la historia argentina, con luchas m\u00e1s o menos cruentas, son en realidad \u201cprivilegios\u201d.<\/p>\n<p>&nbsp;<\/p>\n<p>Y como toda cosa de esa especie, Jorge Triaca adelant\u00f3 ya que es \u201cdiscutible\u201d. Por ejemplo, el derecho a jubilarse a los 65 a\u00f1os, con lo que desde el presidente Mauricio Macri hasta sus ministros y el resto de funcionarios coinciden en atacar.<\/p>\n<p>&nbsp;<\/p>\n<p>Si bien dijo que &#8220;la reforma en Brasil se adecua a lo que quiere hacer ellos, no a lo que necesitamos nosotros\u201d y asegur\u00f3 que \u201csi hacemos una reforma laboral no se va a precarizar el trabajo de nadie\u201d, habl\u00f3 de \u201cdiscutir privilegios\u201d para lograr \u201cuna sociedad equitativa\u201d.<\/p>\n<p>&nbsp;<\/p>\n<p>En declaraciones por FM Blue, el titular de la cartera de Trabajo sostuvo que \u201cpara tener una sociedad equitativa, tenemos que discutir qu\u00e9 privilegios va a ceder cada sector&#8221;, y por \u201ccada sector\u201d se refiri\u00f3 a los trabajadores y sus derechos sindicales.<\/p>\n<p>&nbsp;<\/p>\n<p>De hecho, volvi\u00f3 a referirse a la remanida \u201cmafia de los juicios\u201d al se\u00f1alar: \u201cHay muchos sectores que inflaban las demandas laborales y quebraban las empresas. Ya hay denuncias penales relacionadas con las mafias de los juicios laborales&#8221;, coment\u00f3 muy suelto de cuerpo.<\/p>\n<p>&nbsp;<\/p>\n<p>Otra vez, Triaca evit\u00f3 referirse a la clase trabajadora al hablar de \u201csectores\u201d, pero queda perfectamente claro de qui\u00e9nes son los \u201cprivilegios\u201d que el macrismo pretende pulverizar.<\/p>\n","protected":false},"excerpt":{"rendered":"<p>El ministro de Trabajo insisti\u00f3 con la intenci\u00f3n del Gobierno de avanzar sobre los derechos sindicales de los trabajadores argentinos &nbsp; &nbsp; &nbsp; &nbsp; De entrada, vale advertir: para el ministro de Trabajo de la Naci\u00f3n, los derechos adquiridos por los trabajadores a lo largo de la historia argentina, con luchas m\u00e1s o menos cruentas, son en realidad \u201cprivilegios\u201d. &nbsp; Y como toda cosa de esa especie, Jorge Triaca adelant\u00f3 ya que es \u201cdiscutible\u201d. Por ejemplo, el derecho a jubilarse a los 65 a\u00f1os, con lo que desde el presidente&#8230;<\/p>\n","protected":false},"author":3,"featured_media":15220,"comment_status":"closed","ping_status":"closed","sticky":false,"template":"","format":"standard","meta":[],"categories":[9,18],"tags":[],"_links":{"self":[{"href":"https:\/\/www.actualidadadiario.com\/index.php\/wp-json\/wp\/v2\/posts\/15219"}],"collection":[{"href":"https:\/\/www.actualidadadiario.com\/index.php\/wp-json\/wp\/v2\/posts"}],"about":[{"href":"https:\/\/www.actualidadadiario.com\/index.php\/wp-json\/wp\/v2\/types\/post"}],"author":[{"embeddable":true,"href":"https:\/\/www.actualidadadiario.com\/index.php\/wp-json\/wp\/v2\/users\/3"}],"replies":[{"embeddable":true,"href":"https:\/\/www.actualidadadiario.com\/index.php\/wp-json\/wp\/v2\/comments?post=15219"}],"version-history":[{"count":1,"href":"https:\/\/www.actualidadadiario.com\/index.php\/wp-json\/wp\/v2\/posts\/15219\/revisions"}],"predecessor-version":[{"id":15221,"href":"https:\/\/www.actualidadadiario.com\/index.php\/wp-json\/wp\/v2\/posts\/15219\/revisions\/15221"}],"wp:featuredmedia":[{"embeddable":true,"href":"https:\/\/www.actualidadadiario.com\/index.php\/wp-json\/wp\/v2\/media\/15220"}],"wp:attachment":[{"href":"https:\/\/www.actualidadadiario.com\/index.php\/wp-json\/wp\/v2\/media?parent=15219"}],"wp:term":[{"taxonomy":"category","embeddable":true,"href":"https:\/\/www.actualidadadiario.com\/index.php\/wp-json\/wp\/v2\/categories?post=15219"},{"taxonomy":"post_tag","embeddable":true,"href":"https:\/\/www.actualidadadiario.com\/index.php\/wp-json\/wp\/v2\/tags?post=15219"}],"curies":[{"name":"wp","href":"https:\/\/api.w.org\/{rel}","templated":true}]}}