{"id":15213,"date":"2017-08-03T09:15:10","date_gmt":"2017-08-03T12:15:10","guid":{"rendered":"http:\/\/actualidadadiario.com\/site\/?p=15213"},"modified":"2017-08-03T09:15:10","modified_gmt":"2017-08-03T12:15:10","slug":"gobernadores-pj-se-blindan-hoy-ante-demanda-de-vidal","status":"publish","type":"post","link":"https:\/\/www.actualidadadiario.com\/index.php\/2017\/08\/03\/gobernadores-pj-se-blindan-hoy-ante-demanda-de-vidal\/","title":{"rendered":"Gobernadores PJ se blindan hoy ante demanda de Vidal"},"content":{"rendered":"<p><em><strong>En la previa a las PASO del 13-A, liga de mandatarios endurece perfil al sumar a caciques m\u00e1s cr\u00edticos a la Casa Rosada<\/strong><\/em><\/p>\n<p>&nbsp;<\/p>\n<p>&nbsp;<\/p>\n<p>&nbsp;<\/p>\n<p>&nbsp;<\/p>\n<p>En una foto con rebote electoral a 10 d\u00edas de las PASO del 13 de agosto, los mandatarios peronistas reflotar\u00e1n hoy a las 12 en la ciudad de Buenos Aires una liga de gobernadores &#8220;ampliada&#8221; y m\u00e1s cr\u00edtica para pararse en bloque ante Mauricio Macri en materia de fondos y consensuar una estrategia conjunta en pos de defender sus recursos frente a la batalla de Mar\u00eda Eugenia Vidal en la Corte para volarle el techo de $ 650 millones al Fondo del Conurbano y recaudar unos $ 300 mil millones extra.<\/p>\n<p>&nbsp;<\/p>\n<p>La cita -que buscar\u00e1 dar adem\u00e1s una se\u00f1al de fortaleza puertas adentro del PJ, de cara al 2019 y en un tiro por elevaci\u00f3n (pretenden algunos de esos mandatarios) contra Cristina de Kirchner- ser\u00e1 a las 12 en la Casa de Entre R\u00edos.<\/p>\n<p>&nbsp;<\/p>\n<p>Con la preocupaci\u00f3n por los bolsillos provinciales como im\u00e1n aglutinador, all\u00ed se reunir\u00e1n tanto gobernadores que ya traccionaron en conjunto en los \u00faltimos meses -de car\u00e1cter m\u00e1s &#8220;dialoguista&#8221;- con, por primera vez, otros de perfil m\u00e1s cr\u00edtico a la Casa Rosada. El primer c\u00f3nclave fue el 17 de mayo y tuvo la misma locaci\u00f3n, por lo que algunos ya hablan del &#8220;Grupo Entre R\u00edos&#8221;.<\/p>\n<p>&nbsp;<\/p>\n<p>Adem\u00e1s del entrerriano Gustavo Bordet como anfitri\u00f3n, la cumbre tuvo entre los organizadores m\u00e1s activos al cordob\u00e9s Juan Schiaretti y al chaque\u00f1o Domingo Peppo. Ser\u00e1n de la partida adem\u00e1s el tucumano Juan Manzur, la catamarque\u00f1a Luc\u00eda Corpacci, la fueguina Rosana Bertone, el riojano Sergio Casas y el misionero Hugo Passalacqua, quienes integraron el elenco de la reuni\u00f3n de mayo y donde prim\u00f3 mayoritariamente un car\u00e1cter dialoguista que, en rigor, en algunos casos comenz\u00f3 a desdibujarse.<\/p>\n<p>&nbsp;<\/p>\n<p>Hoy se sumar\u00e1 adem\u00e1s el sanjuanino Sergio U\u00f1ac (en aquel momento de viaje) y el salte\u00f1o Juan Manuel Urtubey.<\/p>\n<p>&nbsp;<\/p>\n<p>En un marco de hermetismo, adem\u00e1s confiaban en la asistencia de los tambi\u00e9n invitados Carlos Verna (La Pampa), Mario Das Neves (Chubut) -quien no ir\u00eda-, Alberto Rodr\u00edguez Sa\u00e1 (San Luis) y Gildo Insfr\u00e1n (Formosa), de alto perfil cr\u00edtico contra Macri. En tanto, se especulaba con la presencia del vicegobernador santacruce\u00f1o Pablo Gonz\u00e1lez, en representaci\u00f3n de Alicia Kirchner.<\/p>\n<p>&nbsp;<\/p>\n<p>El temor a ver desinflados los fondos de coparticipaci\u00f3n por la avanzada de Vidal marc\u00f3 el tema central de la agenda. &#8220;Estamos preocupados por el reclamo a la Corte en cuanto a la reparaci\u00f3n del Fondo del Conurbano&#8221;, asegur\u00f3 ayer Bordet, quien desplegar\u00e1 hoy un almuerzo para sus colegas. &#8220;Si la Corte falla favorablemente, todas las provincias perdemos; nos generar\u00eda un hueco fiscal enorme&#8221;, advirti\u00f3.<\/p>\n<p>&nbsp;<\/p>\n<p>Aunque no se oponen a que le &#8220;reconozcan los derechos&#8221; a Buenos Aires, miran con incomodidad el cariz judicial que asumi\u00f3 el asunto y por eso explorar\u00e1n hoy una &#8220;salida pol\u00edtica&#8221; a la encrucijada, que podr\u00eda incluir una batalla en el Congreso en pos de ampliar la tajada de las provincias sobre la recaudaci\u00f3n del Impuesto el Cheque. Hoy s\u00f3lo 30% queda en sus manos y buscan llevar ese porcentaje al 60%.<\/p>\n<p>&nbsp;<\/p>\n<p>Pero adem\u00e1s analizar\u00e1n otras preocupaciones en materia de fondos, aunque siempre bajo la premisa de &#8220;garantizar la gobernabilidad&#8221; de provincias y Naci\u00f3n.<\/p>\n<p>&nbsp;<\/p>\n<p>Ese lote incluye, entre otros ejes, la necesidad de avanzar en un reparto m\u00e1s equitativo de la coparticipaci\u00f3n, la preocupaci\u00f3n por potenciales coletazos negativos de la reforma tributaria que impulsa la Casa Rosada, y el malestar por -aseguran- los recortes que sufren los env\u00edos nacionales para financiar el rojo de las cajas jubilatorias no transferidas.<\/p>\n<p>&nbsp;<\/p>\n<p>El c\u00f3nclave -anticipado por \u00c1mbito Financiero el 25 de julio, y del que podr\u00eda emanar un documento conjunto-tendr\u00e1 adem\u00e1s un costado pol\u00edtico, con rebote a 2019, a partir de la b\u00fasqueda del bloque de gobernadores de mostrarse como un actor decisivo en la discusi\u00f3n por una reorganizaci\u00f3n partidaria. Algunos -como Schiaretti, Peppo y Urtubey- buscan bajarle el tono al impacto -en t\u00e9rminos de conducci\u00f3n del PJ nacional- de un potencial triunfo de Cristina de Kirchner en las elecciones en tierra bonaerense y apuestan a una renovaci\u00f3n, aunque otros mantienen una cercan\u00eda con la expresidente, como Alicia Kirchner, Rodr\u00edguez Sa\u00e1 e Insfr\u00e1n.<\/p>\n<p>&nbsp;<\/p>\n<p>El tel\u00f3n de fondo es el recrudecimiento de los cruces electorales entre gobernadores PJ y el Presidente, en medio de su gira diaria por las provincias para apuntalar a los candidatos de Cambiemos.<\/p>\n","protected":false},"excerpt":{"rendered":"<p>En la previa a las PASO del 13-A, liga de mandatarios endurece perfil al sumar a caciques m\u00e1s cr\u00edticos a la Casa Rosada &nbsp; &nbsp; &nbsp; &nbsp; En una foto con rebote electoral a 10 d\u00edas de las PASO del 13 de agosto, los mandatarios peronistas reflotar\u00e1n hoy a las 12 en la ciudad de Buenos Aires una liga de gobernadores &#8220;ampliada&#8221; y m\u00e1s cr\u00edtica para pararse en bloque ante Mauricio Macri en materia de fondos y consensuar una estrategia conjunta en pos de defender sus recursos frente a la&#8230;<\/p>\n","protected":false},"author":3,"featured_media":15214,"comment_status":"closed","ping_status":"closed","sticky":false,"template":"","format":"standard","meta":[],"categories":[9,2],"tags":[],"_links":{"self":[{"href":"https:\/\/www.actualidadadiario.com\/index.php\/wp-json\/wp\/v2\/posts\/15213"}],"collection":[{"href":"https:\/\/www.actualidadadiario.com\/index.php\/wp-json\/wp\/v2\/posts"}],"about":[{"href":"https:\/\/www.actualidadadiario.com\/index.php\/wp-json\/wp\/v2\/types\/post"}],"author":[{"embeddable":true,"href":"https:\/\/www.actualidadadiario.com\/index.php\/wp-json\/wp\/v2\/users\/3"}],"replies":[{"embeddable":true,"href":"https:\/\/www.actualidadadiario.com\/index.php\/wp-json\/wp\/v2\/comments?post=15213"}],"version-history":[{"count":1,"href":"https:\/\/www.actualidadadiario.com\/index.php\/wp-json\/wp\/v2\/posts\/15213\/revisions"}],"predecessor-version":[{"id":15215,"href":"https:\/\/www.actualidadadiario.com\/index.php\/wp-json\/wp\/v2\/posts\/15213\/revisions\/15215"}],"wp:featuredmedia":[{"embeddable":true,"href":"https:\/\/www.actualidadadiario.com\/index.php\/wp-json\/wp\/v2\/media\/15214"}],"wp:attachment":[{"href":"https:\/\/www.actualidadadiario.com\/index.php\/wp-json\/wp\/v2\/media?parent=15213"}],"wp:term":[{"taxonomy":"category","embeddable":true,"href":"https:\/\/www.actualidadadiario.com\/index.php\/wp-json\/wp\/v2\/categories?post=15213"},{"taxonomy":"post_tag","embeddable":true,"href":"https:\/\/www.actualidadadiario.com\/index.php\/wp-json\/wp\/v2\/tags?post=15213"}],"curies":[{"name":"wp","href":"https:\/\/api.w.org\/{rel}","templated":true}]}}