{"id":15210,"date":"2017-08-03T09:14:14","date_gmt":"2017-08-03T12:14:14","guid":{"rendered":"http:\/\/actualidadadiario.com\/site\/?p=15210"},"modified":"2017-08-03T09:14:14","modified_gmt":"2017-08-03T12:14:14","slug":"desde-la-rioja-alertan-sobre-una-situacion-critica-de-la-industria-local","status":"publish","type":"post","link":"https:\/\/www.actualidadadiario.com\/index.php\/2017\/08\/03\/desde-la-rioja-alertan-sobre-una-situacion-critica-de-la-industria-local\/","title":{"rendered":"Desde La Rioja alertan sobre una situaci\u00f3n cr\u00edtica de la industria local"},"content":{"rendered":"<p><em><strong>La secretaria de Trabajo, Miriam Espinoza, inform\u00f3 este mi\u00e9rcoles que la situaci\u00f3n que atraviesa la industria local es muy &#8220;cr\u00edtica&#8221; porque en el \u00faltimo a\u00f1o y medio ya se perdieron 1.700 puestos de trabajo por el cierre de cinco empresas que se encontraban en el Parque Industrial de la capital provincial<\/strong><\/em><\/p>\n<p>&nbsp;<\/p>\n<p>&nbsp;<\/p>\n<p>&nbsp;<\/p>\n<p>&nbsp;<\/p>\n<p>La secretaria de Trabajo de La Rioja, Miriam Espinoza, dijo que &#8220;en 2016 cerraron tres empresas, Argencos S.A., dedicada a la cosm\u00e9tica y ubicada en el Parque Industrial de la Capital riojana que despidi\u00f3 a 36 trabajadores&#8221;, explic\u00f3 Espinoza.<\/p>\n<p>&nbsp;<\/p>\n<p>Adem\u00e1s inform\u00f3 que la empresa Yovilar cerr\u00f3 y dej\u00f3 38 empleados despedidos, &#8220;una empresa productora y elaborada de aceitunas en la ciudad de Aimogasta, y Cobena S.A., deidcada a la manufactura de cueros y fabricaci\u00f3n de art\u00edculos de vestir de cuero, quien despidi\u00f3 a 27 personas en la ciudad de Chilecito&#8221;.<\/p>\n<p>&nbsp;<\/p>\n<p>Tambi\u00e9n indic\u00f3 que &#8220;en lo que va del 2017 la industria riojana sufri\u00f3 el cierre de dos empresas en La Rioja, una en Unisol que fabrica para la firma Puma y cerr\u00f3 su planta de la localidad de Sangasta con 100 trabajadores&#8221;, mientras que &#8220;VF de indumentaria textil que ya despidi\u00f3 80 operarios y lo que restan son m\u00e1s de 20, que por lo que anunciaron directivos ser\u00e1n despedidos en septiembre al cerrarla&#8221;.<\/p>\n<p>&nbsp;<\/p>\n<p>&#8220;Adem\u00e1s tenemos empresas que a pesar de que no cerraron han despedido una gran cantidad de empleados. Por ejemplo, Hilados despidi\u00f3 m\u00e1s de 100, Kalpaki\u00e1n que arrastra despidos paulatinos desde hace 2 a\u00f1os, Polinoa con 140, y Colortex con 130 despidos&#8221;, resalt\u00f3 la secretaria riojana.<\/p>\n<p>&nbsp;<\/p>\n<p>&#8220;Hay otras firmas que decidieron reducir el horario de trabajo y la producci\u00f3n durante los fines de semana en pos de evitar cesant\u00edas. Resumiendo, en total hubo en La Rioja alrededor de 1.700 despidos. En 2016 unos 870, en 2017 en los 7 meses que van ya contamos 780, y muchas empresas est\u00e1n trabajando a media m\u00e1quina&#8221;, expres\u00f3 la funcionaria.<\/p>\n<p>&nbsp;<\/p>\n<p>Sobre los despidos, la secretaria de Trabajo de La Rioja aclar\u00f3 que &#8220;los casos mencionados son solo de casos de empleos registrados&#8221; y resumi\u00f3: &#8220;en 2016 registramos 861 p\u00e9rdidas de puestos de trabajo, y en los 7 meses que van del 2017 ya van 780 despidos. Son casi 2.000 personas las que se han quedado sin trabajo, cuyas empresas cerraron y eran sustento de la econom\u00eda de much\u00edsimas familias&#8221;.<\/p>\n<p>&nbsp;<\/p>\n<p>&#8220;Hasta ahora, las empresas que han cerrado vienen cumpliendo con buenos porcentajes de indemnizaci\u00f3n. Unisol super\u00f3 el 100%, VF presento procedimiento de crisis pero pag\u00f3 el 100%, otras pagaron 70% u 80%, pero ninguno bajo del 50% en la indemnizaci\u00f3n&#8221;, relat\u00f3 Espinoza, para luego agregar que &#8220;en el caso de Kalpaki\u00e1n ofreci\u00f3 el 65% a sus trabajadores, pero estos reclaman el 100% y est\u00e1n en su justo derecho porque la empresa ni hizo procedimiento de crisis y t\u00e9cnicamente los despidos son sin causas y los habilita a pedir 100% de indemnizaci\u00f3n&#8221;.<\/p>\n<p>&nbsp;<\/p>\n<p>Al finalizar, Espinoza dijo que el tema de la log\u00edstica -por la distancia con los puertos y los grandes centros urbanos- es fundamental y que por eso &#8220;necesitamos que el Gobierno Nacional ayude a las empresas a subsanar eso, as\u00ed podemos tener trabajo y como provincias del interior tener una paz social con gente contenida y que tenga pan para llevar a la casa&#8221;.<\/p>\n","protected":false},"excerpt":{"rendered":"<p>La secretaria de Trabajo, Miriam Espinoza, inform\u00f3 este mi\u00e9rcoles que la situaci\u00f3n que atraviesa la industria local es muy &#8220;cr\u00edtica&#8221; porque en el \u00faltimo a\u00f1o y medio ya se perdieron 1.700 puestos de trabajo por el cierre de cinco empresas que se encontraban en el Parque Industrial de la capital provincial &nbsp; &nbsp; &nbsp; &nbsp; La secretaria de Trabajo de La Rioja, Miriam Espinoza, dijo que &#8220;en 2016 cerraron tres empresas, Argencos S.A., dedicada a la cosm\u00e9tica y ubicada en el Parque Industrial de la Capital riojana que despidi\u00f3 a&#8230;<\/p>\n","protected":false},"author":3,"featured_media":15211,"comment_status":"closed","ping_status":"closed","sticky":false,"template":"","format":"standard","meta":[],"categories":[2],"tags":[],"_links":{"self":[{"href":"https:\/\/www.actualidadadiario.com\/index.php\/wp-json\/wp\/v2\/posts\/15210"}],"collection":[{"href":"https:\/\/www.actualidadadiario.com\/index.php\/wp-json\/wp\/v2\/posts"}],"about":[{"href":"https:\/\/www.actualidadadiario.com\/index.php\/wp-json\/wp\/v2\/types\/post"}],"author":[{"embeddable":true,"href":"https:\/\/www.actualidadadiario.com\/index.php\/wp-json\/wp\/v2\/users\/3"}],"replies":[{"embeddable":true,"href":"https:\/\/www.actualidadadiario.com\/index.php\/wp-json\/wp\/v2\/comments?post=15210"}],"version-history":[{"count":1,"href":"https:\/\/www.actualidadadiario.com\/index.php\/wp-json\/wp\/v2\/posts\/15210\/revisions"}],"predecessor-version":[{"id":15212,"href":"https:\/\/www.actualidadadiario.com\/index.php\/wp-json\/wp\/v2\/posts\/15210\/revisions\/15212"}],"wp:featuredmedia":[{"embeddable":true,"href":"https:\/\/www.actualidadadiario.com\/index.php\/wp-json\/wp\/v2\/media\/15211"}],"wp:attachment":[{"href":"https:\/\/www.actualidadadiario.com\/index.php\/wp-json\/wp\/v2\/media?parent=15210"}],"wp:term":[{"taxonomy":"category","embeddable":true,"href":"https:\/\/www.actualidadadiario.com\/index.php\/wp-json\/wp\/v2\/categories?post=15210"},{"taxonomy":"post_tag","embeddable":true,"href":"https:\/\/www.actualidadadiario.com\/index.php\/wp-json\/wp\/v2\/tags?post=15210"}],"curies":[{"name":"wp","href":"https:\/\/api.w.org\/{rel}","templated":true}]}}