{"id":15207,"date":"2017-08-03T09:13:31","date_gmt":"2017-08-03T12:13:31","guid":{"rendered":"http:\/\/actualidadadiario.com\/site\/?p=15207"},"modified":"2017-08-03T09:13:31","modified_gmt":"2017-08-03T12:13:31","slug":"transportistas-advierten-que-cada-vez-es-menos-competitivo-sacar-un-camion-a-la-ruta","status":"publish","type":"post","link":"https:\/\/www.actualidadadiario.com\/index.php\/2017\/08\/03\/transportistas-advierten-que-cada-vez-es-menos-competitivo-sacar-un-camion-a-la-ruta\/","title":{"rendered":"Transportistas advierten que cada vez es menos competitivo sacar un cami\u00f3n a la ruta"},"content":{"rendered":"<p><em><strong>El costo para sacar un cami\u00f3n a la ruta registr\u00f3 en julio un aumento del 6% y acumul\u00f3 desde enero un incremento del 13,3%, en un contexto de fuerte desaceleraci\u00f3n de la actividad, seg\u00fan un informe de FADEEAC, entidad que agrupa a transportistas<\/strong><\/em><\/p>\n<p>&nbsp;<\/p>\n<p>&nbsp;<\/p>\n<p>&nbsp;<\/p>\n<p>&nbsp;<\/p>\n<p>El incremento del combustible de hasta un 7,6% fue uno de los principales responsables de que el \u00cdndice de Costos acumulara un aumento del 19% desde julio del a\u00f1o pasado.<\/p>\n<p>&nbsp;<\/p>\n<p>El rubro que mayor alza registr\u00f3 fue el del personal, como consecuencia del pago del 11% correspondiente a la primera cuota del acuerdo paritario 2017.<\/p>\n<p>&nbsp;<\/p>\n<p>\u201cLa suba del combustible, sumada al aumento del costo laboral tras la r\u00fabrica del acuerdo paritario, provocaron, entre otros factores, un alza del 6% del \u00cdndice de Costos de Transporte de julio\u201d, seg\u00fan el relevamiento de la Federaci\u00f3n Argentina de Entidades Empresarias del Autotransporte de Cargas.<\/p>\n<p>&nbsp;<\/p>\n<p>Agreg\u00f3 que \u201cla fuerte alza en los costos que debe solventar el sector obedece fundamentalmente al desempe\u00f1o de los dos componentes m\u00e1s gravitantes en la econom\u00eda del autotransporte de cargas: combustible y personal, en un contexto de marcada aceleraci\u00f3n del d\u00f3lar\u201d.<\/p>\n<p>&nbsp;<\/p>\n<p>En el primer aspecto, tanto en el segmento minorista como mayorista del gas-oil se registr\u00f3 un aumento del 5,29 % en el s\u00e9ptimo mes de 2017, con lo que el valor de ese insumo se ubic\u00f3 en 1,04 d\u00f3lar, el m\u00e1s alto del sur de Am\u00e9rica sin contar a Uruguay.<\/p>\n<p>&nbsp;<\/p>\n<p>Los lubricantes variaron a\u00fan m\u00e1s: un 7.65%, y en todo el mes, la categor\u00eda \u201ccombustible\u201d atraves\u00f3 una suba del 11.9%.<\/p>\n<p>&nbsp;<\/p>\n<p>A ello se le sum\u00f3 el pago a los trabajadores del primer tramo del convenio laboral del 11%, que signific\u00f3 un 15.8% m\u00e1s en total por sobre los valores vigentes al 30 de junio.<\/p>\n<p>&nbsp;<\/p>\n<p>El acuerdo paritario se completar\u00e1 con un 6% en noviembre y el 6% restante en marzo del a\u00f1o pr\u00f3ximo, hasta alcanzarse el 23% aprobado.<\/p>\n<p>&nbsp;<\/p>\n<p>\u201cQue la log\u00edstica funcione tambi\u00e9n demanda reparaciones, rubro que se encareci\u00f3 un 5,54% en el \u00faltimo mes, y gastos generales, que ascendieron un 5,26%\u201d, indic\u00f3 el informe.<\/p>\n<p>&nbsp;<\/p>\n<p>Respecto a las demandas f\u00edsicas de los veh\u00edculos, solventar el material rodante cost\u00f3 en julio un 2,39% m\u00e1s, en tanto que los neum\u00e1ticos subieron un 0,77%, seg\u00fan el estudio del Observatorio de Costos del Departamento de Estudios Tributarios de la Federaci\u00f3n.<\/p>\n<p>&nbsp;<\/p>\n<p>Entre los 11 aspectos de la econom\u00eda del sector que mide el \u00cdndice, los seguros, las patentes y tasas y los peajes no sufrieron modificaciones, aunque s\u00ed lo hizo el costo financiero en un 5,85%.<\/p>\n<p>&nbsp;<\/p>\n<p>\u201cJulio represent\u00f3 un pico de subas si se eval\u00faa el comportamiento del \u00cdndice desde enero, transcurso en el que tambi\u00e9n treparon considerablemente los peajes, debido a los fuertes ajustes en el tr\u00e1nsito de peajes por los accesos Norte y Oeste desde y hacia la CABA\u201d, agreg\u00f3.<\/p>\n<p>&nbsp;<\/p>\n<p>Le siguen las patentes con un 35%, el costo financiero con un 23,4 debido a las altas tasas de inter\u00e9s del per\u00edodo y lubricantes con 23,2%.<\/p>\n<p>&nbsp;<\/p>\n<p>\u201cEstos fuertes incrementos se producen en un marco de d\u00e9biles indicadores para la actividad, lo que abulta el peso que debe afrontar cada empresa del autotransporte de cargas cada vez que sus veh\u00edculos salen a las rutas\u201d, se\u00f1al\u00f3 la entidad.<\/p>\n<p>&nbsp;<\/p>\n<p>La FADEEAC cuenta con 50 c\u00e1maras de base en todo el pa\u00eds y es referente del sector en el Mercosur, miembro de la Uni\u00f3n Internacional de Transportes de Carreteras (IRU) con sede en Ginebra e integrante de la C\u00e1mara Interamericana de Transporte (CIT) con sede en Brasil.<\/p>\n","protected":false},"excerpt":{"rendered":"<p>El costo para sacar un cami\u00f3n a la ruta registr\u00f3 en julio un aumento del 6% y acumul\u00f3 desde enero un incremento del 13,3%, en un contexto de fuerte desaceleraci\u00f3n de la actividad, seg\u00fan un informe de FADEEAC, entidad que agrupa a transportistas &nbsp; &nbsp; &nbsp; &nbsp; El incremento del combustible de hasta un 7,6% fue uno de los principales responsables de que el \u00cdndice de Costos acumulara un aumento del 19% desde julio del a\u00f1o pasado. &nbsp; El rubro que mayor alza registr\u00f3 fue el del personal, como consecuencia&#8230;<\/p>\n","protected":false},"author":3,"featured_media":15208,"comment_status":"closed","ping_status":"closed","sticky":false,"template":"","format":"standard","meta":[],"categories":[2],"tags":[],"_links":{"self":[{"href":"https:\/\/www.actualidadadiario.com\/index.php\/wp-json\/wp\/v2\/posts\/15207"}],"collection":[{"href":"https:\/\/www.actualidadadiario.com\/index.php\/wp-json\/wp\/v2\/posts"}],"about":[{"href":"https:\/\/www.actualidadadiario.com\/index.php\/wp-json\/wp\/v2\/types\/post"}],"author":[{"embeddable":true,"href":"https:\/\/www.actualidadadiario.com\/index.php\/wp-json\/wp\/v2\/users\/3"}],"replies":[{"embeddable":true,"href":"https:\/\/www.actualidadadiario.com\/index.php\/wp-json\/wp\/v2\/comments?post=15207"}],"version-history":[{"count":1,"href":"https:\/\/www.actualidadadiario.com\/index.php\/wp-json\/wp\/v2\/posts\/15207\/revisions"}],"predecessor-version":[{"id":15209,"href":"https:\/\/www.actualidadadiario.com\/index.php\/wp-json\/wp\/v2\/posts\/15207\/revisions\/15209"}],"wp:featuredmedia":[{"embeddable":true,"href":"https:\/\/www.actualidadadiario.com\/index.php\/wp-json\/wp\/v2\/media\/15208"}],"wp:attachment":[{"href":"https:\/\/www.actualidadadiario.com\/index.php\/wp-json\/wp\/v2\/media?parent=15207"}],"wp:term":[{"taxonomy":"category","embeddable":true,"href":"https:\/\/www.actualidadadiario.com\/index.php\/wp-json\/wp\/v2\/categories?post=15207"},{"taxonomy":"post_tag","embeddable":true,"href":"https:\/\/www.actualidadadiario.com\/index.php\/wp-json\/wp\/v2\/tags?post=15207"}],"curies":[{"name":"wp","href":"https:\/\/api.w.org\/{rel}","templated":true}]}}