{"id":15204,"date":"2017-08-03T09:12:46","date_gmt":"2017-08-03T12:12:46","guid":{"rendered":"http:\/\/actualidadadiario.com\/site\/?p=15204"},"modified":"2017-08-03T09:12:46","modified_gmt":"2017-08-03T12:12:46","slug":"autorizan-suba-de-las-prepagas-a-partir-de-septiembre","status":"publish","type":"post","link":"https:\/\/www.actualidadadiario.com\/index.php\/2017\/08\/03\/autorizan-suba-de-las-prepagas-a-partir-de-septiembre\/","title":{"rendered":"Autorizan suba de las prepagas a partir de septiembre"},"content":{"rendered":"<p><em><strong>El gobierno oficializ\u00f3 el incremento el primero de los dos aumentos del 5% para el pr\u00f3ximo mes y octubre<\/strong><\/em><\/p>\n<p>&nbsp;<\/p>\n<p>&nbsp;<\/p>\n<p>El Gobierno oficializ\u00f3 el primero de los dos aumentos del 5% para las empresas de medicina prepaga para septiembre y octubre. La medida empieza a correr a partir del 1 de septiembre.<\/p>\n<p>&nbsp;<\/p>\n<p>Adem\u00e1s la resoluci\u00f3n publicada en el Bolet\u00edn Oficial se\u00f1ala que se deben &#8220;extremar los recaudos para notificar de manera fehaciente a los usuarios&#8221; de dicho aumento.<\/p>\n<p>&nbsp;<\/p>\n<p>La explicaci\u00f3n que se da para el aumento es por los mayores costos m\u00e9dicos y el pago de la segunda cuota del aumento salarial del gremio de la Sanidad, que acord\u00f3 un aumento salarial del 23% en dos cuotas: 13% en junio y 10% en agosto.<\/p>\n<p>&nbsp;<\/p>\n<p>Tras conocerse la medida, desde la oposici\u00f3n, m\u00e1s precisamente los candidatos de Unidad Ciudadana, adelantaron que presentar\u00e1n un amparo para intentar frenar este incremento.<\/p>\n<p>&nbsp;<\/p>\n<p>Este es el cuarto aumento en el a\u00f1o para las medicinas prepagas.<\/p>\n","protected":false},"excerpt":{"rendered":"<p>El gobierno oficializ\u00f3 el incremento el primero de los dos aumentos del 5% para el pr\u00f3ximo mes y octubre &nbsp; &nbsp; El Gobierno oficializ\u00f3 el primero de los dos aumentos del 5% para las empresas de medicina prepaga para septiembre y octubre. La medida empieza a correr a partir del 1 de septiembre. &nbsp; Adem\u00e1s la resoluci\u00f3n publicada en el Bolet\u00edn Oficial se\u00f1ala que se deben &#8220;extremar los recaudos para notificar de manera fehaciente a los usuarios&#8221; de dicho aumento. &nbsp; La explicaci\u00f3n que se da para el aumento es&#8230;<\/p>\n","protected":false},"author":3,"featured_media":15205,"comment_status":"closed","ping_status":"closed","sticky":false,"template":"","format":"standard","meta":[],"categories":[2],"tags":[],"_links":{"self":[{"href":"https:\/\/www.actualidadadiario.com\/index.php\/wp-json\/wp\/v2\/posts\/15204"}],"collection":[{"href":"https:\/\/www.actualidadadiario.com\/index.php\/wp-json\/wp\/v2\/posts"}],"about":[{"href":"https:\/\/www.actualidadadiario.com\/index.php\/wp-json\/wp\/v2\/types\/post"}],"author":[{"embeddable":true,"href":"https:\/\/www.actualidadadiario.com\/index.php\/wp-json\/wp\/v2\/users\/3"}],"replies":[{"embeddable":true,"href":"https:\/\/www.actualidadadiario.com\/index.php\/wp-json\/wp\/v2\/comments?post=15204"}],"version-history":[{"count":1,"href":"https:\/\/www.actualidadadiario.com\/index.php\/wp-json\/wp\/v2\/posts\/15204\/revisions"}],"predecessor-version":[{"id":15206,"href":"https:\/\/www.actualidadadiario.com\/index.php\/wp-json\/wp\/v2\/posts\/15204\/revisions\/15206"}],"wp:featuredmedia":[{"embeddable":true,"href":"https:\/\/www.actualidadadiario.com\/index.php\/wp-json\/wp\/v2\/media\/15205"}],"wp:attachment":[{"href":"https:\/\/www.actualidadadiario.com\/index.php\/wp-json\/wp\/v2\/media?parent=15204"}],"wp:term":[{"taxonomy":"category","embeddable":true,"href":"https:\/\/www.actualidadadiario.com\/index.php\/wp-json\/wp\/v2\/categories?post=15204"},{"taxonomy":"post_tag","embeddable":true,"href":"https:\/\/www.actualidadadiario.com\/index.php\/wp-json\/wp\/v2\/tags?post=15204"}],"curies":[{"name":"wp","href":"https:\/\/api.w.org\/{rel}","templated":true}]}}