{"id":15201,"date":"2017-08-03T09:12:00","date_gmt":"2017-08-03T12:12:00","guid":{"rendered":"http:\/\/actualidadadiario.com\/site\/?p=15201"},"modified":"2017-08-03T09:12:00","modified_gmt":"2017-08-03T12:12:00","slug":"para-dujovne-la-suba-del-dolar-no-va-influir-en-los-precios-internos","status":"publish","type":"post","link":"https:\/\/www.actualidadadiario.com\/index.php\/2017\/08\/03\/para-dujovne-la-suba-del-dolar-no-va-influir-en-los-precios-internos\/","title":{"rendered":"Para Dujovne, la suba del d\u00f3lar no va influir en los precios internos"},"content":{"rendered":"<p><em><strong>El ministro de Hacienda sostuvo que el tipo de cambio es competitivo para las econom\u00edas regionales y se mostr\u00f3 confiado por el crecimiento de la econom\u00eda<\/strong><\/em><\/p>\n<p>&nbsp;<\/p>\n<p>&nbsp;<\/p>\n<p>&nbsp;<\/p>\n<p>&nbsp;<\/p>\n<p>El ministro de Hacienda, Nicol\u00e1s Dujovne, afirm\u00f3 que el tipo de cambio actual, de $ 17,90 por d\u00f3lar, \u201ces muy competitivo\u201d para el desarrollo de las econom\u00edas regionales, y consider\u00f3 que el aumento de 9,68% en dos meses no se trasladar\u00e1 a los precios internos.<\/p>\n<p>&nbsp;<\/p>\n<p>\u201cEl nivel de cambio es muy competitivo y permite estimular a las econom\u00edas regionales. Habr\u00e1 muy poco traspaso a precios de este movimiento del d\u00f3lar\u201d, que en dos meses pas\u00f3 de 16,32 a rozar los 18 pesos.<\/p>\n<p>&nbsp;<\/p>\n<p>Tambi\u00e9n resalt\u00f3 el crecimiento de la econom\u00eda en los primeros cinco meses del a\u00f1o, que acumul\u00f3 una suba del 1%. &#8220;Estamos satisfechos porque crecemos y esto va a perdurar por much\u00edsimos a\u00f1os y va a permitir que la Argentina empiece a derrotar el flagelo de la pobreza\u201d, sostuvo en Radio Mitre, y destac\u00f3 que la reactivaci\u00f3n de la econom\u00eda viene \u201cpor el aumento en las exportaciones y en la inversi\u00f3n que puede generar un incremento del consumo sostenido y permanente\u201d.<\/p>\n<p>&nbsp;<\/p>\n<p>Por otro lado, el funcionario le contest\u00f3 a Cristina Kirchner, quien compar\u00f3 la situaci\u00f3n financiera actual con el \u201cRodrigazo\u201d de 1975. \u201cSi el kirchnerismo ha dado muestras sobradas de algo es que no entiende es de econom\u00eda\u201d, afirm\u00f3.<\/p>\n","protected":false},"excerpt":{"rendered":"<p>El ministro de Hacienda sostuvo que el tipo de cambio es competitivo para las econom\u00edas regionales y se mostr\u00f3 confiado por el crecimiento de la econom\u00eda &nbsp; &nbsp; &nbsp; &nbsp; El ministro de Hacienda, Nicol\u00e1s Dujovne, afirm\u00f3 que el tipo de cambio actual, de $ 17,90 por d\u00f3lar, \u201ces muy competitivo\u201d para el desarrollo de las econom\u00edas regionales, y consider\u00f3 que el aumento de 9,68% en dos meses no se trasladar\u00e1 a los precios internos. &nbsp; \u201cEl nivel de cambio es muy competitivo y permite estimular a las econom\u00edas regionales&#8230;.<\/p>\n","protected":false},"author":3,"featured_media":15202,"comment_status":"closed","ping_status":"closed","sticky":false,"template":"","format":"standard","meta":[],"categories":[2],"tags":[],"_links":{"self":[{"href":"https:\/\/www.actualidadadiario.com\/index.php\/wp-json\/wp\/v2\/posts\/15201"}],"collection":[{"href":"https:\/\/www.actualidadadiario.com\/index.php\/wp-json\/wp\/v2\/posts"}],"about":[{"href":"https:\/\/www.actualidadadiario.com\/index.php\/wp-json\/wp\/v2\/types\/post"}],"author":[{"embeddable":true,"href":"https:\/\/www.actualidadadiario.com\/index.php\/wp-json\/wp\/v2\/users\/3"}],"replies":[{"embeddable":true,"href":"https:\/\/www.actualidadadiario.com\/index.php\/wp-json\/wp\/v2\/comments?post=15201"}],"version-history":[{"count":1,"href":"https:\/\/www.actualidadadiario.com\/index.php\/wp-json\/wp\/v2\/posts\/15201\/revisions"}],"predecessor-version":[{"id":15203,"href":"https:\/\/www.actualidadadiario.com\/index.php\/wp-json\/wp\/v2\/posts\/15201\/revisions\/15203"}],"wp:featuredmedia":[{"embeddable":true,"href":"https:\/\/www.actualidadadiario.com\/index.php\/wp-json\/wp\/v2\/media\/15202"}],"wp:attachment":[{"href":"https:\/\/www.actualidadadiario.com\/index.php\/wp-json\/wp\/v2\/media?parent=15201"}],"wp:term":[{"taxonomy":"category","embeddable":true,"href":"https:\/\/www.actualidadadiario.com\/index.php\/wp-json\/wp\/v2\/categories?post=15201"},{"taxonomy":"post_tag","embeddable":true,"href":"https:\/\/www.actualidadadiario.com\/index.php\/wp-json\/wp\/v2\/tags?post=15201"}],"curies":[{"name":"wp","href":"https:\/\/api.w.org\/{rel}","templated":true}]}}