{"id":15189,"date":"2017-08-03T09:08:44","date_gmt":"2017-08-03T12:08:44","guid":{"rendered":"http:\/\/actualidadadiario.com\/site\/?p=15189"},"modified":"2017-08-03T09:08:44","modified_gmt":"2017-08-03T12:08:44","slug":"macri-estara-el-sabado-en-entre-rios","status":"publish","type":"post","link":"https:\/\/www.actualidadadiario.com\/index.php\/2017\/08\/03\/macri-estara-el-sabado-en-entre-rios\/","title":{"rendered":"Macri estar\u00e1 el s\u00e1bado en Entre R\u00edos"},"content":{"rendered":"<p><em><strong>El Presidente visitar\u00e1 la ciudad de Gualeguaych\u00fa el pr\u00f3ximo s\u00e1bado. La actividad est\u00e1 enmarcada en la campa\u00f1a en vistas a las elecciones Primarias Abiertas Simult\u00e1neas y Obligatorias<\/strong><\/em><\/p>\n<p>&nbsp;<\/p>\n<p>&nbsp;<\/p>\n<p>&nbsp;<\/p>\n<p>El presidente de la Naci\u00f3n Mauricio Macri visitar\u00e1 la ciudad de Gualeguaych\u00fa este s\u00e1bado 5 de agosto. La actividad est\u00e1 enmarcada en la campa\u00f1a en vistas a las elecciones Primarias Abiertas Simult\u00e1neas y Obligatorias (PASO). El Ministro del Interior Rogelio Frigerio estar\u00e1 los d\u00edas previos para ultimar detalles de la visita.<\/p>\n<p>&nbsp;<\/p>\n<p>Al respecto, el senador Nicol\u00e1s Mattiauda, indic\u00f3 que el mandatario &#8220;viene a dar apoyo a la lista que encabeza Atilio Benedetti junto a Alicia Fregonese y Jorge Lacoste&#8221;.<\/p>\n<p>&nbsp;<\/p>\n<p>El legislador hizo hincapi\u00e9 &#8220;en las obras que realiza la gesti\u00f3n Cambiemos en toda la provincia, particularmente el Plan H\u00e1bitat en la ciudad de Gualeguaych\u00fa en donde se ve claramente que las acciones de gobierno est\u00e1n destinas a solucionar los problemas de los vecinos m\u00e1s pobres&#8221;.<\/p>\n<p>&nbsp;<\/p>\n<p>Por \u00faltimo Mattiauda dijo que &#8220;la visita de Macri ser\u00e1 un apoyo muy importante para nuestra lista pero tambi\u00e9n, y sobre todo, pone de manifiesto el preponderante lugar que ocupa Entre R\u00edos para el presidente&#8221;.<\/p>\n","protected":false},"excerpt":{"rendered":"<p>El Presidente visitar\u00e1 la ciudad de Gualeguaych\u00fa el pr\u00f3ximo s\u00e1bado. La actividad est\u00e1 enmarcada en la campa\u00f1a en vistas a las elecciones Primarias Abiertas Simult\u00e1neas y Obligatorias &nbsp; &nbsp; &nbsp; El presidente de la Naci\u00f3n Mauricio Macri visitar\u00e1 la ciudad de Gualeguaych\u00fa este s\u00e1bado 5 de agosto. La actividad est\u00e1 enmarcada en la campa\u00f1a en vistas a las elecciones Primarias Abiertas Simult\u00e1neas y Obligatorias (PASO). El Ministro del Interior Rogelio Frigerio estar\u00e1 los d\u00edas previos para ultimar detalles de la visita. &nbsp; Al respecto, el senador Nicol\u00e1s Mattiauda, indic\u00f3 que&#8230;<\/p>\n","protected":false},"author":3,"featured_media":15190,"comment_status":"closed","ping_status":"closed","sticky":false,"template":"","format":"standard","meta":[],"categories":[15],"tags":[],"_links":{"self":[{"href":"https:\/\/www.actualidadadiario.com\/index.php\/wp-json\/wp\/v2\/posts\/15189"}],"collection":[{"href":"https:\/\/www.actualidadadiario.com\/index.php\/wp-json\/wp\/v2\/posts"}],"about":[{"href":"https:\/\/www.actualidadadiario.com\/index.php\/wp-json\/wp\/v2\/types\/post"}],"author":[{"embeddable":true,"href":"https:\/\/www.actualidadadiario.com\/index.php\/wp-json\/wp\/v2\/users\/3"}],"replies":[{"embeddable":true,"href":"https:\/\/www.actualidadadiario.com\/index.php\/wp-json\/wp\/v2\/comments?post=15189"}],"version-history":[{"count":1,"href":"https:\/\/www.actualidadadiario.com\/index.php\/wp-json\/wp\/v2\/posts\/15189\/revisions"}],"predecessor-version":[{"id":15191,"href":"https:\/\/www.actualidadadiario.com\/index.php\/wp-json\/wp\/v2\/posts\/15189\/revisions\/15191"}],"wp:featuredmedia":[{"embeddable":true,"href":"https:\/\/www.actualidadadiario.com\/index.php\/wp-json\/wp\/v2\/media\/15190"}],"wp:attachment":[{"href":"https:\/\/www.actualidadadiario.com\/index.php\/wp-json\/wp\/v2\/media?parent=15189"}],"wp:term":[{"taxonomy":"category","embeddable":true,"href":"https:\/\/www.actualidadadiario.com\/index.php\/wp-json\/wp\/v2\/categories?post=15189"},{"taxonomy":"post_tag","embeddable":true,"href":"https:\/\/www.actualidadadiario.com\/index.php\/wp-json\/wp\/v2\/tags?post=15189"}],"curies":[{"name":"wp","href":"https:\/\/api.w.org\/{rel}","templated":true}]}}